{"id":16,"count":1,"description":"","link":"https:\/\/ujfeherto.adventista.hu\/?tag=atkeles-a-voros-tengeren","name":"\u00c1tkel\u00e9s a V\u00f6r\u00f6s-tengeren","slug":"atkeles-a-voros-tengeren","taxonomy":"post_tag","meta":[],"_links":{"self":[{"href":"https:\/\/ujfeherto.adventista.hu\/index.php?rest_route=\/wp\/v2\/tags\/16","targetHints":{"allow":["GET"]}}],"collection":[{"href":"https:\/\/ujfeherto.adventista.hu\/index.php?rest_route=\/wp\/v2\/tags"}],"about":[{"href":"https:\/\/ujfeherto.adventista.hu\/index.php?rest_route=\/wp\/v2\/taxonomies\/post_tag"}],"wp:post_type":[{"href":"https:\/\/ujfeherto.adventista.hu\/index.php?rest_route=%2Fwp%2Fv2%2Fposts&tags=16"}],"curies":[{"name":"wp","href":"https:\/\/api.w.org\/{rel}","templated":true}]}}