{"id":112,"count":1,"description":"","link":"https:\/\/ujfeherto.adventista.hu\/?tag=legidosebb-ferfi-polgar","name":"legid\u0151sebb f\u00e9rfi polg\u00e1r","slug":"legidosebb-ferfi-polgar","taxonomy":"post_tag","meta":[],"_links":{"self":[{"href":"https:\/\/ujfeherto.adventista.hu\/index.php?rest_route=\/wp\/v2\/tags\/112","targetHints":{"allow":["GET"]}}],"collection":[{"href":"https:\/\/ujfeherto.adventista.hu\/index.php?rest_route=\/wp\/v2\/tags"}],"about":[{"href":"https:\/\/ujfeherto.adventista.hu\/index.php?rest_route=\/wp\/v2\/taxonomies\/post_tag"}],"wp:post_type":[{"href":"https:\/\/ujfeherto.adventista.hu\/index.php?rest_route=%2Fwp%2Fv2%2Fposts&tags=112"}],"curies":[{"name":"wp","href":"https:\/\/api.w.org\/{rel}","templated":true}]}}