{"id":491,"date":"2012-12-02T13:33:51","date_gmt":"2012-12-02T12:33:51","guid":{"rendered":"http:\/\/adventista.hu\/ujfeherto\/?p=491"},"modified":"2012-12-08T11:39:07","modified_gmt":"2012-12-08T10:39:07","slug":"keresztseg-ujfeherton","status":"publish","type":"post","link":"https:\/\/ujfeherto.adventista.hu\/?p=491","title":{"rendered":"Kereszts\u00e9g \u00dajfeh\u00e9rt\u00f3n"},"content":{"rendered":"<p style=\"text-align: justify;\">Kereszts\u00e9gi istentiszteletre gy\u0171lt\u00fcnk \u00f6ssze \u00dajfeh\u00e9rt\u00f3n, 2012. j\u00fanius 30-\u00e1n. H\u00e1rom fiatal, Mezei Ren\u00e1ta, Mezei Viktor (Hajd\u00fahadh\u00e1zi gy\u00fclekezet) \u00e9s Cs\u00e1v\u00e1s Roland (Karcagi Misszi\u00f3) k\u00f6t\u00f6tt sz\u00f6vets\u00e9get az \u00dar J\u00e9zus Krisztussal a r\u00e9gi hagyom\u00e1nyoknak megfelel\u0151en, egy t\u00f3ban. A fiatalokat Szab\u00f3 J\u00e1nos lelk\u00e9sz keresztelte meg, majd a sz\u00f6vets\u00e9gk\u00f6t\u00e9st egy b\u0151s\u00e9ges vend\u00e9gl\u00e1t\u00e1s k\u00eds\u00e9rte, mely\u00e9rt h\u00e1l\u00e1sak vagyunk az \u00darnak!<br \/>\nIsten \u00e1ld\u00e1s\u00e1t k\u00edv\u00e1njuk \u00e9let\u00fckre!<\/p>\n<p style=\"text-align: center;\">A gal\u00e9ria bet\u00f6lt\u00e9s\u00e9hez kattintson az al\u00e1bbi k\u00e9pek valamelyik\u00e9re!<\/p>\n\n\t\t<style type=\"text\/css\">\n\t\t\t#gallery-1 {\n\t\t\t\tmargin: auto;\n\t\t\t}\n\t\t\t#gallery-1 .gallery-item {\n\t\t\t\tfloat: left;\n\t\t\t\tmargin-top: 10px;\n\t\t\t\ttext-align: center;\n\t\t\t\twidth: 33%;\n\t\t\t}\n\t\t\t#gallery-1 img {\n\t\t\t\tborder: 2px solid #cfcfcf;\n\t\t\t}\n\t\t\t#gallery-1 .gallery-caption {\n\t\t\t\tmargin-left: 0;\n\t\t\t}\n\t\t\t\/* see gallery_shortcode() in wp-includes\/media.php *\/\n\t\t<\/style>\n\t\t<div id='gallery-1' class='gallery galleryid-491 gallery-columns-3 gallery-size-thumbnail'><dl class='gallery-item'>\n\t\t\t<dt class='gallery-icon landscape'>\n\t\t\t\t<a href='https:\/\/ujfeherto.adventista.hu\/wp-content\/uploads\/2012\/12\/kereszts\u00e9g-019.jpg'><img loading=\"lazy\" decoding=\"async\" width=\"150\" height=\"150\" src=\"https:\/\/ujfeherto.adventista.hu\/wp-content\/uploads\/2012\/12\/kereszts\u00e9g-019-150x150.jpg\" class=\"attachment-thumbnail size-thumbnail\" alt=\"\" \/><\/a>\n\t\t\t<\/dt><\/dl><dl class='gallery-item'>\n\t\t\t<dt class='gallery-icon landscape'>\n\t\t\t\t<a href='https:\/\/ujfeherto.adventista.hu\/wp-content\/uploads\/2012\/12\/kereszts\u00e9g-023.jpg'><img loading=\"lazy\" decoding=\"async\" width=\"150\" height=\"150\" src=\"https:\/\/ujfeherto.adventista.hu\/wp-content\/uploads\/2012\/12\/kereszts\u00e9g-023-150x150.jpg\" class=\"attachment-thumbnail size-thumbnail\" alt=\"\" \/><\/a>\n\t\t\t<\/dt><\/dl><dl class='gallery-item'>\n\t\t\t<dt class='gallery-icon landscape'>\n\t\t\t\t<a href='https:\/\/ujfeherto.adventista.hu\/wp-content\/uploads\/2012\/12\/kereszts\u00e9g-029.jpg'><img loading=\"lazy\" decoding=\"async\" width=\"150\" height=\"150\" src=\"https:\/\/ujfeherto.adventista.hu\/wp-content\/uploads\/2012\/12\/kereszts\u00e9g-029-150x150.jpg\" class=\"attachment-thumbnail size-thumbnail\" alt=\"\" \/><\/a>\n\t\t\t<\/dt><\/dl><br style=\"clear: both\" \/><dl class='gallery-item'>\n\t\t\t<dt class='gallery-icon landscape'>\n\t\t\t\t<a href='https:\/\/ujfeherto.adventista.hu\/wp-content\/uploads\/2012\/12\/kereszts\u00e9g-058.jpg'><img loading=\"lazy\" decoding=\"async\" width=\"150\" height=\"150\" src=\"https:\/\/ujfeherto.adventista.hu\/wp-content\/uploads\/2012\/12\/kereszts\u00e9g-058-150x150.jpg\" class=\"attachment-thumbnail size-thumbnail\" alt=\"\" \/><\/a>\n\t\t\t<\/dt><\/dl><dl class='gallery-item'>\n\t\t\t<dt class='gallery-icon landscape'>\n\t\t\t\t<a href='https:\/\/ujfeherto.adventista.hu\/wp-content\/uploads\/2012\/12\/kereszts\u00e9g-073.jpg'><img loading=\"lazy\" decoding=\"async\" width=\"150\" height=\"150\" src=\"https:\/\/ujfeherto.adventista.hu\/wp-content\/uploads\/2012\/12\/kereszts\u00e9g-073-150x150.jpg\" class=\"attachment-thumbnail size-thumbnail\" alt=\"\" \/><\/a>\n\t\t\t<\/dt><\/dl><dl class='gallery-item'>\n\t\t\t<dt class='gallery-icon landscape'>\n\t\t\t\t<a href='https:\/\/ujfeherto.adventista.hu\/wp-content\/uploads\/2012\/12\/kereszts\u00e9g-085.jpg'><img loading=\"lazy\" decoding=\"async\" width=\"150\" height=\"150\" src=\"https:\/\/ujfeherto.adventista.hu\/wp-content\/uploads\/2012\/12\/kereszts\u00e9g-085-150x150.jpg\" class=\"attachment-thumbnail size-thumbnail\" alt=\"\" \/><\/a>\n\t\t\t<\/dt><\/dl><br style=\"clear: both\" \/><dl class='gallery-item'>\n\t\t\t<dt class='gallery-icon landscape'>\n\t\t\t\t<a href='https:\/\/ujfeherto.adventista.hu\/wp-content\/uploads\/2012\/12\/kereszts\u00e9g-124.jpg'><img loading=\"lazy\" decoding=\"async\" width=\"150\" height=\"150\" src=\"https:\/\/ujfeherto.adventista.hu\/wp-content\/uploads\/2012\/12\/kereszts\u00e9g-124-150x150.jpg\" class=\"attachment-thumbnail size-thumbnail\" alt=\"\" \/><\/a>\n\t\t\t<\/dt><\/dl><dl class='gallery-item'>\n\t\t\t<dt class='gallery-icon landscape'>\n\t\t\t\t<a href='https:\/\/ujfeherto.adventista.hu\/wp-content\/uploads\/2012\/12\/kereszts\u00e9g-155.jpg'><img loading=\"lazy\" decoding=\"async\" width=\"150\" height=\"150\" src=\"https:\/\/ujfeherto.adventista.hu\/wp-content\/uploads\/2012\/12\/kereszts\u00e9g-155-150x150.jpg\" class=\"attachment-thumbnail size-thumbnail\" alt=\"\" \/><\/a>\n\t\t\t<\/dt><\/dl><dl class='gallery-item'>\n\t\t\t<dt class='gallery-icon landscape'>\n\t\t\t\t<a href='https:\/\/ujfeherto.adventista.hu\/wp-content\/uploads\/2012\/12\/kereszts\u00e9g-174.jpg'><img loading=\"lazy\" decoding=\"async\" width=\"150\" height=\"150\" src=\"https:\/\/ujfeherto.adventista.hu\/wp-content\/uploads\/2012\/12\/kereszts\u00e9g-174-150x150.jpg\" class=\"attachment-thumbnail size-thumbnail\" alt=\"\" \/><\/a>\n\t\t\t<\/dt><\/dl><br style=\"clear: both\" \/>\n\t\t<\/div>\n\n","protected":false},"excerpt":{"rendered":"<p>Kereszts\u00e9gi istentiszteletre gy\u0171lt\u00fcnk \u00f6ssze \u00dajfeh\u00e9rt\u00f3n, 2012. j\u00fanius 30-\u00e1n. H\u00e1rom fiatal, Mezei Ren\u00e1ta, Mezei Viktor (Hajd\u00fahadh\u00e1zi gy\u00fclekezet) \u00e9s Cs\u00e1v\u00e1s Roland (Karcagi Misszi\u00f3) k\u00f6t\u00f6tt sz\u00f6vets\u00e9get az \u00dar J\u00e9zus Krisztussal a r\u00e9gi hagyom\u00e1nyoknak megfelel\u0151en, egy t\u00f3ban. A fiatalokat Szab\u00f3 J\u00e1nos lelk\u00e9sz keresztelte meg, majd a sz\u00f6vets\u00e9gk\u00f6t\u00e9st egy b\u0151s\u00e9ges vend\u00e9gl\u00e1t\u00e1s k\u00eds\u00e9rte, mely\u00e9rt h\u00e1l\u00e1sak vagyunk az \u00darnak! Isten \u00e1ld\u00e1s\u00e1t k\u00edv\u00e1njuk &hellip; <\/p>\n<p><a class=\"more-link btn\" href=\"https:\/\/ujfeherto.adventista.hu\/?p=491\">Olvass tov\u00e1bb<\/a><\/p>\n","protected":false},"author":4,"featured_media":498,"comment_status":"closed","ping_status":"closed","sticky":false,"template":"","format":"standard","meta":{"footnotes":""},"categories":[14],"tags":[24,25,23],"class_list":["post-491","post","type-post","status-publish","format-standard","has-post-thumbnail","hentry","category-galeria","tag-adventista","tag-keresztseg","tag-ujfeherto","item-wrap"],"aioseo_notices":[],"_links":{"self":[{"href":"https:\/\/ujfeherto.adventista.hu\/index.php?rest_route=\/wp\/v2\/posts\/491","targetHints":{"allow":["GET"]}}],"collection":[{"href":"https:\/\/ujfeherto.adventista.hu\/index.php?rest_route=\/wp\/v2\/posts"}],"about":[{"href":"https:\/\/ujfeherto.adventista.hu\/index.php?rest_route=\/wp\/v2\/types\/post"}],"author":[{"embeddable":true,"href":"https:\/\/ujfeherto.adventista.hu\/index.php?rest_route=\/wp\/v2\/users\/4"}],"replies":[{"embeddable":true,"href":"https:\/\/ujfeherto.adventista.hu\/index.php?rest_route=%2Fwp%2Fv2%2Fcomments&post=491"}],"version-history":[{"count":7,"href":"https:\/\/ujfeherto.adventista.hu\/index.php?rest_route=\/wp\/v2\/posts\/491\/revisions"}],"predecessor-version":[{"id":502,"href":"https:\/\/ujfeherto.adventista.hu\/index.php?rest_route=\/wp\/v2\/posts\/491\/revisions\/502"}],"wp:featuredmedia":[{"embeddable":true,"href":"https:\/\/ujfeherto.adventista.hu\/index.php?rest_route=\/wp\/v2\/media\/498"}],"wp:attachment":[{"href":"https:\/\/ujfeherto.adventista.hu\/index.php?rest_route=%2Fwp%2Fv2%2Fmedia&parent=491"}],"wp:term":[{"taxonomy":"category","embeddable":true,"href":"https:\/\/ujfeherto.adventista.hu\/index.php?rest_route=%2Fwp%2Fv2%2Fcategories&post=491"},{"taxonomy":"post_tag","embeddable":true,"href":"https:\/\/ujfeherto.adventista.hu\/index.php?rest_route=%2Fwp%2Fv2%2Ftags&post=491"}],"curies":[{"name":"wp","href":"https:\/\/api.w.org\/{rel}","templated":true}]}}