{"id":2781,"date":"2024-09-21T19:40:28","date_gmt":"2024-09-21T17:40:28","guid":{"rendered":"https:\/\/ujfeherto.adventista.hu\/?p=2781"},"modified":"2024-09-21T19:40:28","modified_gmt":"2024-09-21T17:40:28","slug":"a-racz-hazaspar-50-hazassagi-evforduloja","status":"publish","type":"post","link":"https:\/\/ujfeherto.adventista.hu\/?p=2781","title":{"rendered":"A R\u00e1cz h\u00e1zasp\u00e1r 50. h\u00e1zass\u00e1gi \u00e9vfordul\u00f3ja"},"content":{"rendered":"<p style=\"text-align: justify;\">\u00dcnnep\u00e9lyes alkalomra gy\u0171lt\u00fcnk \u00f6ssze 2024. szeptember 14-\u00e9n, ugyanis napra pontosan 50 \u00e9vvel ezel\u0151tt k\u00f6t\u00f6tt h\u00e1zass\u00e1got R\u00e1cz J\u00f3zsef \u00e9s feles\u00e9ge \u00c1gnes. Az \u00e9vfordul\u00f3juk alkalm\u00e1b\u00f3l tartott istentiszteleten jelen voltak a k\u00f6zelebbi \u00e9s t\u00e1volabbi rokonok \u00e9s bar\u00e1tok egyar\u00e1nt. Az ig\u00e9t Kov\u00e1csn\u00e9 Bokor Sarolta hirdette, melynek keret\u00e9ben betekint\u00e9st nyerhett\u00fcnk az \u00fcnnepl\u0151 h\u00e1zasp\u00e1r megismerked\u00e9s\u00e9nek t\u00f6rt\u00e9net\u00e9be is. Az igehirdet\u00e9sr\u0151l k\u00e9sz\u00fclt felv\u00e9tel megtekinthet\u0151 az al\u00e1bbi vide\u00f3n:<\/p>\n<p style=\"text-align: center;\"><iframe loading=\"lazy\" width=\"560\" height=\"315\" src=\"https:\/\/www.youtube.com\/embed\/491-_IZhiUM?si=sYULEXzUMftkHw64\" title=\"YouTube video player\" frameborder=\"0\" allow=\"accelerometer; autoplay; clipboard-write; encrypted-media; gyroscope; picture-in-picture; web-share\" referrerpolicy=\"strict-origin-when-cross-origin\" allowfullscreen><\/iframe><\/p>\n<p style=\"text-align: justify;\">Az igehirdet\u00e9st k\u00f6vet\u0151en k\u00f6z\u00f6s \u00e9tkez\u00e9ssel \u00e9s tort\u00e1val folytattuk e jeles alkalom meg\u00fcnnepl\u00e9s\u00e9t. Isten \u00e1ld\u00e1sa k\u00eds\u00e9rje tov\u00e1bbra is \u00e9let\u00fcket!<\/p>\n\n\t\t<style type=\"text\/css\">\n\t\t\t#gallery-1 {\n\t\t\t\tmargin: auto;\n\t\t\t}\n\t\t\t#gallery-1 .gallery-item {\n\t\t\t\tfloat: left;\n\t\t\t\tmargin-top: 10px;\n\t\t\t\ttext-align: center;\n\t\t\t\twidth: 33%;\n\t\t\t}\n\t\t\t#gallery-1 img {\n\t\t\t\tborder: 2px solid #cfcfcf;\n\t\t\t}\n\t\t\t#gallery-1 .gallery-caption {\n\t\t\t\tmargin-left: 0;\n\t\t\t}\n\t\t\t\/* see gallery_shortcode() in wp-includes\/media.php *\/\n\t\t<\/style>\n\t\t<div id='gallery-1' class='gallery galleryid-2781 gallery-columns-3 gallery-size-thumbnail'><dl class='gallery-item'>\n\t\t\t<dt class='gallery-icon landscape'>\n\t\t\t\t<a href='https:\/\/ujfeherto.adventista.hu\/?attachment_id=2782'><img loading=\"lazy\" decoding=\"async\" width=\"150\" height=\"150\" src=\"https:\/\/ujfeherto.adventista.hu\/wp-content\/uploads\/2024\/09\/Hazassagi-evfordulo01-150x150.jpg\" class=\"attachment-thumbnail size-thumbnail\" alt=\"\" \/><\/a>\n\t\t\t<\/dt><\/dl><dl class='gallery-item'>\n\t\t\t<dt class='gallery-icon landscape'>\n\t\t\t\t<a href='https:\/\/ujfeherto.adventista.hu\/?attachment_id=2783'><img loading=\"lazy\" decoding=\"async\" width=\"150\" height=\"150\" src=\"https:\/\/ujfeherto.adventista.hu\/wp-content\/uploads\/2024\/09\/Hazassagi-evfordulo02-150x150.jpg\" class=\"attachment-thumbnail size-thumbnail\" alt=\"\" \/><\/a>\n\t\t\t<\/dt><\/dl><dl class='gallery-item'>\n\t\t\t<dt class='gallery-icon landscape'>\n\t\t\t\t<a href='https:\/\/ujfeherto.adventista.hu\/?attachment_id=2784'><img loading=\"lazy\" decoding=\"async\" width=\"150\" height=\"150\" src=\"https:\/\/ujfeherto.adventista.hu\/wp-content\/uploads\/2024\/09\/Hazassagi-evfordulo03-150x150.jpg\" class=\"attachment-thumbnail size-thumbnail\" alt=\"\" \/><\/a>\n\t\t\t<\/dt><\/dl><br style=\"clear: both\" \/><dl class='gallery-item'>\n\t\t\t<dt class='gallery-icon landscape'>\n\t\t\t\t<a href='https:\/\/ujfeherto.adventista.hu\/?attachment_id=2785'><img loading=\"lazy\" decoding=\"async\" width=\"150\" height=\"150\" src=\"https:\/\/ujfeherto.adventista.hu\/wp-content\/uploads\/2024\/09\/Hazassagi-evfordulo04-150x150.jpg\" class=\"attachment-thumbnail size-thumbnail\" alt=\"\" \/><\/a>\n\t\t\t<\/dt><\/dl><dl class='gallery-item'>\n\t\t\t<dt class='gallery-icon landscape'>\n\t\t\t\t<a href='https:\/\/ujfeherto.adventista.hu\/?attachment_id=2786'><img loading=\"lazy\" decoding=\"async\" width=\"150\" height=\"150\" src=\"https:\/\/ujfeherto.adventista.hu\/wp-content\/uploads\/2024\/09\/Hazassagi-evfordulo05-150x150.jpg\" class=\"attachment-thumbnail size-thumbnail\" alt=\"\" \/><\/a>\n\t\t\t<\/dt><\/dl><dl class='gallery-item'>\n\t\t\t<dt class='gallery-icon landscape'>\n\t\t\t\t<a href='https:\/\/ujfeherto.adventista.hu\/?attachment_id=2787'><img loading=\"lazy\" decoding=\"async\" width=\"150\" height=\"150\" src=\"https:\/\/ujfeherto.adventista.hu\/wp-content\/uploads\/2024\/09\/Hazassagi-evfordulo06-150x150.jpg\" class=\"attachment-thumbnail size-thumbnail\" alt=\"\" \/><\/a>\n\t\t\t<\/dt><\/dl><br style=\"clear: both\" \/><dl class='gallery-item'>\n\t\t\t<dt class='gallery-icon landscape'>\n\t\t\t\t<a href='https:\/\/ujfeherto.adventista.hu\/?attachment_id=2788'><img loading=\"lazy\" decoding=\"async\" width=\"150\" height=\"150\" src=\"https:\/\/ujfeherto.adventista.hu\/wp-content\/uploads\/2024\/09\/Hazassagi-evfordulo07-150x150.jpg\" class=\"attachment-thumbnail size-thumbnail\" alt=\"\" \/><\/a>\n\t\t\t<\/dt><\/dl><dl class='gallery-item'>\n\t\t\t<dt class='gallery-icon landscape'>\n\t\t\t\t<a href='https:\/\/ujfeherto.adventista.hu\/?attachment_id=2789'><img loading=\"lazy\" decoding=\"async\" width=\"150\" height=\"150\" src=\"https:\/\/ujfeherto.adventista.hu\/wp-content\/uploads\/2024\/09\/Hazassagi-evfordulo08-150x150.jpg\" class=\"attachment-thumbnail size-thumbnail\" alt=\"\" \/><\/a>\n\t\t\t<\/dt><\/dl><dl class='gallery-item'>\n\t\t\t<dt class='gallery-icon landscape'>\n\t\t\t\t<a href='https:\/\/ujfeherto.adventista.hu\/?attachment_id=2790'><img loading=\"lazy\" decoding=\"async\" width=\"150\" height=\"150\" src=\"https:\/\/ujfeherto.adventista.hu\/wp-content\/uploads\/2024\/09\/Hazassagi-evfordulo09-150x150.jpg\" class=\"attachment-thumbnail size-thumbnail\" alt=\"\" \/><\/a>\n\t\t\t<\/dt><\/dl><br style=\"clear: both\" \/>\n\t\t<\/div>\n\n","protected":false},"excerpt":{"rendered":"<p>\u00dcnnep\u00e9lyes alkalomra gy\u0171lt\u00fcnk \u00f6ssze 2024. szeptember 14-\u00e9n, ugyanis napra pontosan 50 \u00e9vvel ezel\u0151tt k\u00f6t\u00f6tt h\u00e1zass\u00e1got R\u00e1cz J\u00f3zsef \u00e9s feles\u00e9ge \u00c1gnes. Az \u00e9vfordul\u00f3juk alkalm\u00e1b\u00f3l tartott istentiszteleten jelen voltak a k\u00f6zelebbi \u00e9s t\u00e1volabbi rokonok \u00e9s bar\u00e1tok egyar\u00e1nt. Az ig\u00e9t Kov\u00e1csn\u00e9 Bokor Sarolta hirdette, melynek keret\u00e9ben betekint\u00e9st nyerhett\u00fcnk az \u00fcnnepl\u0151 h\u00e1zasp\u00e1r megismerked\u00e9s\u00e9nek t\u00f6rt\u00e9net\u00e9be is. Az igehirdet\u00e9sr\u0151l k\u00e9sz\u00fclt felv\u00e9tel &hellip; <\/p>\n<p><a class=\"more-link btn\" href=\"https:\/\/ujfeherto.adventista.hu\/?p=2781\">Olvass tov\u00e1bb<\/a><\/p>\n","protected":false},"author":4,"featured_media":2790,"comment_status":"closed","ping_status":"open","sticky":false,"template":"","format":"standard","meta":{"footnotes":""},"categories":[14],"tags":[124,158],"class_list":["post-2781","post","type-post","status-publish","format-standard","has-post-thumbnail","hentry","category-galeria","tag-50-hazassagi-evfordulo","tag-racz-hazaspar","item-wrap"],"aioseo_notices":[],"_links":{"self":[{"href":"https:\/\/ujfeherto.adventista.hu\/index.php?rest_route=\/wp\/v2\/posts\/2781","targetHints":{"allow":["GET"]}}],"collection":[{"href":"https:\/\/ujfeherto.adventista.hu\/index.php?rest_route=\/wp\/v2\/posts"}],"about":[{"href":"https:\/\/ujfeherto.adventista.hu\/index.php?rest_route=\/wp\/v2\/types\/post"}],"author":[{"embeddable":true,"href":"https:\/\/ujfeherto.adventista.hu\/index.php?rest_route=\/wp\/v2\/users\/4"}],"replies":[{"embeddable":true,"href":"https:\/\/ujfeherto.adventista.hu\/index.php?rest_route=%2Fwp%2Fv2%2Fcomments&post=2781"}],"version-history":[{"count":1,"href":"https:\/\/ujfeherto.adventista.hu\/index.php?rest_route=\/wp\/v2\/posts\/2781\/revisions"}],"predecessor-version":[{"id":2791,"href":"https:\/\/ujfeherto.adventista.hu\/index.php?rest_route=\/wp\/v2\/posts\/2781\/revisions\/2791"}],"wp:featuredmedia":[{"embeddable":true,"href":"https:\/\/ujfeherto.adventista.hu\/index.php?rest_route=\/wp\/v2\/media\/2790"}],"wp:attachment":[{"href":"https:\/\/ujfeherto.adventista.hu\/index.php?rest_route=%2Fwp%2Fv2%2Fmedia&parent=2781"}],"wp:term":[{"taxonomy":"category","embeddable":true,"href":"https:\/\/ujfeherto.adventista.hu\/index.php?rest_route=%2Fwp%2Fv2%2Fcategories&post=2781"},{"taxonomy":"post_tag","embeddable":true,"href":"https:\/\/ujfeherto.adventista.hu\/index.php?rest_route=%2Fwp%2Fv2%2Ftags&post=2781"}],"curies":[{"name":"wp","href":"https:\/\/api.w.org\/{rel}","templated":true}]}}