{"id":2189,"date":"2017-10-27T22:25:34","date_gmt":"2017-10-27T20:25:34","guid":{"rendered":"http:\/\/adventista.hu\/ujfeherto\/?p=2189"},"modified":"2017-10-27T22:29:28","modified_gmt":"2017-10-27T20:29:28","slug":"oszi-halaado-istentisztelet-2","status":"publish","type":"post","link":"https:\/\/ujfeherto.adventista.hu\/?p=2189","title":{"rendered":"\u0150szi h\u00e1laad\u00f3 istentisztelet"},"content":{"rendered":"<p style=\"text-align: justify;\">2017. okt\u00f3ber 21-\u00e9n k\u00fcl\u00f6nleges alkalomra gy\u0171lt\u00fcnk \u00f6ssze: d\u00e9lel\u0151tt \u00farvacsorai, d\u00e9lut\u00e1n pedig \u0151szi h\u00e1laad\u00f3 istentiszteletet tartottunk Rest\u00e1s L\u00e1szl\u00f3 lelk\u00e9sz\u00fcnk vezet\u00e9s\u00e9vel. Az el\u0151ad\u00e1sok hangfelv\u00e9telei &#8222;J\u00e9zus hal\u00e1la a R\u00f3mai lev\u00e9lben&#8221;, illetve &#8222;H\u00e1laad\u00f3 istentisztelet&#8221; c\u00edmekkel meghallgathat\u00f3k a k\u00f6vetkez\u0151 <span style=\"text-decoration: underline;\"><a href=\"http:\/\/ujfeherto.adventista.hu\/?p=1208\" title=\"El\u0151ad\u00e1saink hangfelv\u00e9telei\" target=\"_blank\">oldalon<\/a><\/span>. Az al\u00e1bbi k\u00e9peken l\u00e1that\u00f3 d\u00edsz\u00edt\u00e9st gy\u00fclekezet\u00fcnk tagjai k\u00e9sz\u00edtett\u00e9k saj\u00e1t term\u00e9nyeikb\u0151l, kifejezv\u00e9n h\u00e1l\u00e1jukat az \u00dar gazdag \u00e1ld\u00e1sai\u00e9rt.<\/p>\n<p style=\"text-align: center;\"> A gal\u00e9ria bet\u00f6lt\u00e9s\u00e9hez kattintson az al\u00e1bbi k\u00e9pek valamelyik\u00e9re!<\/p>\n\n\t\t<style type=\"text\/css\">\n\t\t\t#gallery-1 {\n\t\t\t\tmargin: auto;\n\t\t\t}\n\t\t\t#gallery-1 .gallery-item {\n\t\t\t\tfloat: left;\n\t\t\t\tmargin-top: 10px;\n\t\t\t\ttext-align: center;\n\t\t\t\twidth: 33%;\n\t\t\t}\n\t\t\t#gallery-1 img {\n\t\t\t\tborder: 2px solid #cfcfcf;\n\t\t\t}\n\t\t\t#gallery-1 .gallery-caption {\n\t\t\t\tmargin-left: 0;\n\t\t\t}\n\t\t\t\/* see gallery_shortcode() in wp-includes\/media.php *\/\n\t\t<\/style>\n\t\t<div id='gallery-1' class='gallery galleryid-2189 gallery-columns-3 gallery-size-thumbnail'><dl class='gallery-item'>\n\t\t\t<dt class='gallery-icon landscape'>\n\t\t\t\t<a href='https:\/\/ujfeherto.adventista.hu\/wp-content\/uploads\/2017\/10\/H\u00e1laad\u00f301.jpg'><img loading=\"lazy\" decoding=\"async\" width=\"150\" height=\"150\" src=\"https:\/\/ujfeherto.adventista.hu\/wp-content\/uploads\/2017\/10\/H\u00e1laad\u00f301-150x150.jpg\" class=\"attachment-thumbnail size-thumbnail\" alt=\"\" \/><\/a>\n\t\t\t<\/dt><\/dl><dl class='gallery-item'>\n\t\t\t<dt class='gallery-icon landscape'>\n\t\t\t\t<a href='https:\/\/ujfeherto.adventista.hu\/wp-content\/uploads\/2017\/10\/H\u00e1laad\u00f302.jpg'><img loading=\"lazy\" decoding=\"async\" width=\"150\" height=\"150\" src=\"https:\/\/ujfeherto.adventista.hu\/wp-content\/uploads\/2017\/10\/H\u00e1laad\u00f302-150x150.jpg\" class=\"attachment-thumbnail size-thumbnail\" alt=\"\" \/><\/a>\n\t\t\t<\/dt><\/dl><dl class='gallery-item'>\n\t\t\t<dt class='gallery-icon landscape'>\n\t\t\t\t<a href='https:\/\/ujfeherto.adventista.hu\/wp-content\/uploads\/2017\/10\/H\u00e1laad\u00f303.jpg'><img loading=\"lazy\" decoding=\"async\" width=\"150\" height=\"150\" src=\"https:\/\/ujfeherto.adventista.hu\/wp-content\/uploads\/2017\/10\/H\u00e1laad\u00f303-150x150.jpg\" class=\"attachment-thumbnail size-thumbnail\" alt=\"\" \/><\/a>\n\t\t\t<\/dt><\/dl><br style=\"clear: both\" \/>\n\t\t<\/div>\n\n","protected":false},"excerpt":{"rendered":"<p>2017. okt\u00f3ber 21-\u00e9n k\u00fcl\u00f6nleges alkalomra gy\u0171lt\u00fcnk \u00f6ssze: d\u00e9lel\u0151tt \u00farvacsorai, d\u00e9lut\u00e1n pedig \u0151szi h\u00e1laad\u00f3 istentiszteletet tartottunk Rest\u00e1s L\u00e1szl\u00f3 lelk\u00e9sz\u00fcnk vezet\u00e9s\u00e9vel. Az el\u0151ad\u00e1sok hangfelv\u00e9telei &#8222;J\u00e9zus hal\u00e1la a R\u00f3mai lev\u00e9lben&#8221;, illetve &#8222;H\u00e1laad\u00f3 istentisztelet&#8221; c\u00edmekkel meghallgathat\u00f3k a k\u00f6vetkez\u0151 oldalon. Az al\u00e1bbi k\u00e9peken l\u00e1that\u00f3 d\u00edsz\u00edt\u00e9st gy\u00fclekezet\u00fcnk tagjai k\u00e9sz\u00edtett\u00e9k saj\u00e1t term\u00e9nyeikb\u0151l, kifejezv\u00e9n h\u00e1l\u00e1jukat az \u00dar gazdag \u00e1ld\u00e1sai\u00e9rt. A gal\u00e9ria bet\u00f6lt\u00e9s\u00e9hez kattintson &hellip; <\/p>\n<p><a class=\"more-link btn\" href=\"https:\/\/ujfeherto.adventista.hu\/?p=2189\">Olvass tov\u00e1bb<\/a><\/p>\n","protected":false},"author":4,"featured_media":2191,"comment_status":"closed","ping_status":"closed","sticky":false,"template":"","format":"standard","meta":{"footnotes":""},"categories":[14],"tags":[71,126],"class_list":["post-2189","post","type-post","status-publish","format-standard","has-post-thumbnail","hentry","category-galeria","tag-oszi-halaadas","tag-urvacsora","item-wrap"],"aioseo_notices":[],"_links":{"self":[{"href":"https:\/\/ujfeherto.adventista.hu\/index.php?rest_route=\/wp\/v2\/posts\/2189","targetHints":{"allow":["GET"]}}],"collection":[{"href":"https:\/\/ujfeherto.adventista.hu\/index.php?rest_route=\/wp\/v2\/posts"}],"about":[{"href":"https:\/\/ujfeherto.adventista.hu\/index.php?rest_route=\/wp\/v2\/types\/post"}],"author":[{"embeddable":true,"href":"https:\/\/ujfeherto.adventista.hu\/index.php?rest_route=\/wp\/v2\/users\/4"}],"replies":[{"embeddable":true,"href":"https:\/\/ujfeherto.adventista.hu\/index.php?rest_route=%2Fwp%2Fv2%2Fcomments&post=2189"}],"version-history":[{"count":2,"href":"https:\/\/ujfeherto.adventista.hu\/index.php?rest_route=\/wp\/v2\/posts\/2189\/revisions"}],"predecessor-version":[{"id":2194,"href":"https:\/\/ujfeherto.adventista.hu\/index.php?rest_route=\/wp\/v2\/posts\/2189\/revisions\/2194"}],"wp:featuredmedia":[{"embeddable":true,"href":"https:\/\/ujfeherto.adventista.hu\/index.php?rest_route=\/wp\/v2\/media\/2191"}],"wp:attachment":[{"href":"https:\/\/ujfeherto.adventista.hu\/index.php?rest_route=%2Fwp%2Fv2%2Fmedia&parent=2189"}],"wp:term":[{"taxonomy":"category","embeddable":true,"href":"https:\/\/ujfeherto.adventista.hu\/index.php?rest_route=%2Fwp%2Fv2%2Fcategories&post=2189"},{"taxonomy":"post_tag","embeddable":true,"href":"https:\/\/ujfeherto.adventista.hu\/index.php?rest_route=%2Fwp%2Fv2%2Ftags&post=2189"}],"curies":[{"name":"wp","href":"https:\/\/api.w.org\/{rel}","templated":true}]}}