{"id":2174,"date":"2017-09-30T23:47:04","date_gmt":"2017-09-30T21:47:04","guid":{"rendered":"http:\/\/adventista.hu\/ujfeherto\/?p=2174"},"modified":"2018-10-02T20:37:26","modified_gmt":"2018-10-02T18:37:26","slug":"idosek-napja-ujfeherton-3","status":"publish","type":"post","link":"https:\/\/ujfeherto.adventista.hu\/?p=2174","title":{"rendered":"Id\u0151sek napja \u00dajfeh\u00e9rt\u00f3n"},"content":{"rendered":"<p style=\"text-align: justify;\">2017. szeptember 30-\u00e1n ism\u00e9t megrendez\u00e9sre ker\u00fclt az Id\u0151sek napja \u00dajfeh\u00e9rt\u00f3n, melynek keretein bel\u00fcl az 50. \u00e9s 60. h\u00e1zass\u00e1gi \u00e9vfordul\u00f3jukat \u00fcnnepl\u0151 h\u00e1zasp\u00e1rokat, valamint a v\u00e1ros legid\u0151sebb lakosait k\u00f6sz\u00f6nt\u00f6tt\u00e9k. A Hetednapi Adventista Egyh\u00e1z \u00dajfeh\u00e9rt\u00f3i Gy\u00fclekezet\u00e9b\u0151l Bodn\u00e1r Istv\u00e1n testv\u00e9rt \u00e9s egyben a v\u00e1ros legid\u0151sebb f\u00e9rfi polg\u00e1r\u00e1t imm\u00e1r hatodik alkalommal k\u00f6sz\u00f6nt\u00f6tt\u00e9k v\u00e1rosunk vezet\u0151i: Nagy S\u00e1ndor polg\u00e1rmester \u00far, Sz\u0171cs L\u00e1szl\u00f3n\u00e9 alpolg\u00e1rmester asszony, valamint Dr. Simon Mikl\u00f3s orsz\u00e1ggy\u0171l\u00e9si k\u00e9pvisel\u0151 \u00far. Bodn\u00e1r Istv\u00e1n december 24-\u00e9n fogja bet\u00f6lteni 98. \u00e9let\u00e9v\u00e9t. Isten \u00e9ltesse m\u00e9g sok\u00e1ig j\u00f3 er\u0151ben, eg\u00e9szs\u00e9gben!<\/p>\n<p style=\"text-align: center;\"> A gal\u00e9ria bet\u00f6lt\u00e9s\u00e9hez kattintson az al\u00e1bbi k\u00e9pek valamelyik\u00e9re!<\/p>\n\n\t\t<style type=\"text\/css\">\n\t\t\t#gallery-1 {\n\t\t\t\tmargin: auto;\n\t\t\t}\n\t\t\t#gallery-1 .gallery-item {\n\t\t\t\tfloat: left;\n\t\t\t\tmargin-top: 10px;\n\t\t\t\ttext-align: center;\n\t\t\t\twidth: 33%;\n\t\t\t}\n\t\t\t#gallery-1 img {\n\t\t\t\tborder: 2px solid #cfcfcf;\n\t\t\t}\n\t\t\t#gallery-1 .gallery-caption {\n\t\t\t\tmargin-left: 0;\n\t\t\t}\n\t\t\t\/* see gallery_shortcode() in wp-includes\/media.php *\/\n\t\t<\/style>\n\t\t<div id='gallery-1' class='gallery galleryid-2174 gallery-columns-3 gallery-size-thumbnail'><dl class='gallery-item'>\n\t\t\t<dt class='gallery-icon landscape'>\n\t\t\t\t<a href='https:\/\/ujfeherto.adventista.hu\/wp-content\/uploads\/2017\/09\/K\u00f6sz\u00f6nt\u00e9s01.jpg'><img loading=\"lazy\" decoding=\"async\" width=\"150\" height=\"150\" src=\"https:\/\/ujfeherto.adventista.hu\/wp-content\/uploads\/2017\/09\/K\u00f6sz\u00f6nt\u00e9s01-150x150.jpg\" class=\"attachment-thumbnail size-thumbnail\" alt=\"\" \/><\/a>\n\t\t\t<\/dt><\/dl><dl class='gallery-item'>\n\t\t\t<dt class='gallery-icon landscape'>\n\t\t\t\t<a href='https:\/\/ujfeherto.adventista.hu\/wp-content\/uploads\/2017\/09\/K\u00f6sz\u00f6nt\u00e9s02.jpg'><img loading=\"lazy\" decoding=\"async\" width=\"150\" height=\"150\" src=\"https:\/\/ujfeherto.adventista.hu\/wp-content\/uploads\/2017\/09\/K\u00f6sz\u00f6nt\u00e9s02-150x150.jpg\" class=\"attachment-thumbnail size-thumbnail\" alt=\"\" \/><\/a>\n\t\t\t<\/dt><\/dl><dl class='gallery-item'>\n\t\t\t<dt class='gallery-icon landscape'>\n\t\t\t\t<a href='https:\/\/ujfeherto.adventista.hu\/wp-content\/uploads\/2017\/09\/K\u00f6sz\u00f6nt\u00e9s03.jpg'><img loading=\"lazy\" decoding=\"async\" width=\"150\" height=\"150\" src=\"https:\/\/ujfeherto.adventista.hu\/wp-content\/uploads\/2017\/09\/K\u00f6sz\u00f6nt\u00e9s03-150x150.jpg\" class=\"attachment-thumbnail size-thumbnail\" alt=\"\" \/><\/a>\n\t\t\t<\/dt><\/dl><br style=\"clear: both\" \/><dl class='gallery-item'>\n\t\t\t<dt class='gallery-icon landscape'>\n\t\t\t\t<a href='https:\/\/ujfeherto.adventista.hu\/wp-content\/uploads\/2017\/09\/K\u00f6sz\u00f6nt\u00e9s04.jpg'><img loading=\"lazy\" decoding=\"async\" width=\"150\" height=\"150\" src=\"https:\/\/ujfeherto.adventista.hu\/wp-content\/uploads\/2017\/09\/K\u00f6sz\u00f6nt\u00e9s04-150x150.jpg\" class=\"attachment-thumbnail size-thumbnail\" alt=\"\" \/><\/a>\n\t\t\t<\/dt><\/dl><dl class='gallery-item'>\n\t\t\t<dt class='gallery-icon landscape'>\n\t\t\t\t<a href='https:\/\/ujfeherto.adventista.hu\/wp-content\/uploads\/2017\/09\/K\u00f6sz\u00f6nt\u00e9s05.jpg'><img loading=\"lazy\" decoding=\"async\" width=\"150\" height=\"150\" src=\"https:\/\/ujfeherto.adventista.hu\/wp-content\/uploads\/2017\/09\/K\u00f6sz\u00f6nt\u00e9s05-150x150.jpg\" class=\"attachment-thumbnail size-thumbnail\" alt=\"\" \/><\/a>\n\t\t\t<\/dt><\/dl><dl class='gallery-item'>\n\t\t\t<dt class='gallery-icon landscape'>\n\t\t\t\t<a href='https:\/\/ujfeherto.adventista.hu\/wp-content\/uploads\/2017\/09\/K\u00f6sz\u00f6nt\u00e9s06.jpg'><img loading=\"lazy\" decoding=\"async\" width=\"150\" height=\"150\" src=\"https:\/\/ujfeherto.adventista.hu\/wp-content\/uploads\/2017\/09\/K\u00f6sz\u00f6nt\u00e9s06-150x150.jpg\" class=\"attachment-thumbnail size-thumbnail\" alt=\"\" \/><\/a>\n\t\t\t<\/dt><\/dl><br style=\"clear: both\" \/><dl class='gallery-item'>\n\t\t\t<dt class='gallery-icon landscape'>\n\t\t\t\t<a href='https:\/\/ujfeherto.adventista.hu\/wp-content\/uploads\/2017\/09\/K\u00f6sz\u00f6nt\u00e9s07.jpg'><img loading=\"lazy\" decoding=\"async\" width=\"150\" height=\"150\" src=\"https:\/\/ujfeherto.adventista.hu\/wp-content\/uploads\/2017\/09\/K\u00f6sz\u00f6nt\u00e9s07-150x150.jpg\" class=\"attachment-thumbnail size-thumbnail\" alt=\"\" \/><\/a>\n\t\t\t<\/dt><\/dl><dl class='gallery-item'>\n\t\t\t<dt class='gallery-icon portrait'>\n\t\t\t\t<a href='https:\/\/ujfeherto.adventista.hu\/wp-content\/uploads\/2017\/09\/K\u00f6sz\u00f6nt\u00e9s08.jpg'><img loading=\"lazy\" decoding=\"async\" width=\"150\" height=\"150\" src=\"https:\/\/ujfeherto.adventista.hu\/wp-content\/uploads\/2017\/09\/K\u00f6sz\u00f6nt\u00e9s08-150x150.jpg\" class=\"attachment-thumbnail size-thumbnail\" alt=\"\" \/><\/a>\n\t\t\t<\/dt><\/dl>\n\t\t\t<br style='clear: both' \/>\n\t\t<\/div>\n\n","protected":false},"excerpt":{"rendered":"<p>2017. szeptember 30-\u00e1n ism\u00e9t megrendez\u00e9sre ker\u00fclt az Id\u0151sek napja \u00dajfeh\u00e9rt\u00f3n, melynek keretein bel\u00fcl az 50. \u00e9s 60. h\u00e1zass\u00e1gi \u00e9vfordul\u00f3jukat \u00fcnnepl\u0151 h\u00e1zasp\u00e1rokat, valamint a v\u00e1ros legid\u0151sebb lakosait k\u00f6sz\u00f6nt\u00f6tt\u00e9k. A Hetednapi Adventista Egyh\u00e1z \u00dajfeh\u00e9rt\u00f3i Gy\u00fclekezet\u00e9b\u0151l Bodn\u00e1r Istv\u00e1n testv\u00e9rt \u00e9s egyben a v\u00e1ros legid\u0151sebb f\u00e9rfi polg\u00e1r\u00e1t imm\u00e1r hatodik alkalommal k\u00f6sz\u00f6nt\u00f6tt\u00e9k v\u00e1rosunk vezet\u0151i: Nagy S\u00e1ndor polg\u00e1rmester \u00far, Sz\u0171cs L\u00e1szl\u00f3n\u00e9 &hellip; <\/p>\n<p><a class=\"more-link btn\" href=\"https:\/\/ujfeherto.adventista.hu\/?p=2174\">Olvass tov\u00e1bb<\/a><\/p>\n","protected":false},"author":4,"featured_media":2176,"comment_status":"closed","ping_status":"closed","sticky":false,"template":"","format":"standard","meta":{"footnotes":""},"categories":[14],"tags":[124,125,123,62,122],"class_list":["post-2174","post","type-post","status-publish","format-standard","has-post-thumbnail","hentry","category-galeria","tag-50-hazassagi-evfordulo","tag-60-hazassagi-evfordulo","tag-98-ev","tag-bodnar-istvan","tag-idosek-napja","item-wrap"],"aioseo_notices":[],"_links":{"self":[{"href":"https:\/\/ujfeherto.adventista.hu\/index.php?rest_route=\/wp\/v2\/posts\/2174","targetHints":{"allow":["GET"]}}],"collection":[{"href":"https:\/\/ujfeherto.adventista.hu\/index.php?rest_route=\/wp\/v2\/posts"}],"about":[{"href":"https:\/\/ujfeherto.adventista.hu\/index.php?rest_route=\/wp\/v2\/types\/post"}],"author":[{"embeddable":true,"href":"https:\/\/ujfeherto.adventista.hu\/index.php?rest_route=\/wp\/v2\/users\/4"}],"replies":[{"embeddable":true,"href":"https:\/\/ujfeherto.adventista.hu\/index.php?rest_route=%2Fwp%2Fv2%2Fcomments&post=2174"}],"version-history":[{"count":3,"href":"https:\/\/ujfeherto.adventista.hu\/index.php?rest_route=\/wp\/v2\/posts\/2174\/revisions"}],"predecessor-version":[{"id":2321,"href":"https:\/\/ujfeherto.adventista.hu\/index.php?rest_route=\/wp\/v2\/posts\/2174\/revisions\/2321"}],"wp:featuredmedia":[{"embeddable":true,"href":"https:\/\/ujfeherto.adventista.hu\/index.php?rest_route=\/wp\/v2\/media\/2176"}],"wp:attachment":[{"href":"https:\/\/ujfeherto.adventista.hu\/index.php?rest_route=%2Fwp%2Fv2%2Fmedia&parent=2174"}],"wp:term":[{"taxonomy":"category","embeddable":true,"href":"https:\/\/ujfeherto.adventista.hu\/index.php?rest_route=%2Fwp%2Fv2%2Fcategories&post=2174"},{"taxonomy":"post_tag","embeddable":true,"href":"https:\/\/ujfeherto.adventista.hu\/index.php?rest_route=%2Fwp%2Fv2%2Ftags&post=2174"}],"curies":[{"name":"wp","href":"https:\/\/api.w.org\/{rel}","templated":true}]}}