{"id":1790,"date":"2015-10-18T17:43:48","date_gmt":"2015-10-18T15:43:48","guid":{"rendered":"http:\/\/adventista.hu\/ujfeherto\/?p=1790"},"modified":"2016-04-23T18:20:34","modified_gmt":"2016-04-23T16:20:34","slug":"hazassagi-evfordulok-es-oszi-halaadas","status":"publish","type":"post","link":"https:\/\/ujfeherto.adventista.hu\/?p=1790","title":{"rendered":"H\u00e1zass\u00e1gi \u00e9vfordul\u00f3k \u00e9s \u0151szi h\u00e1laad\u00e1s"},"content":{"rendered":"<p>2015. okt\u00f3ber 17-\u00e9n Rest\u00e1s L\u00e1szl\u00f3, gy\u00fclekezet\u00fcnk lelk\u00e9sze vezet\u00e9s\u00e9vel a d\u00e9lut\u00e1ni \u00f3ra keret\u00e9n bel\u00fcl \u0151szi h\u00e1laad\u00f3 istentiszteletet tartottunk. Az el\u0151ad\u00e1s hangfelv\u00e9tele &#8222;H\u00e1laad\u00e1s&#8221; c\u00edmmel meghallgathat\u00f3 a k\u00f6vetkez\u0151 <span style=\"text-decoration: underline;\"><a href=\"http:\/\/ujfeherto.adventista.hu\/?p=1208\" title=\"El\u0151ad\u00e1saink hangfelv\u00e9telei\" target=\"_blank\">oldalon<\/a><\/span>. Az \u00fcnnep\u00e9lyes alkalom abb\u00f3l a szempontb\u00f3l is k\u00fcl\u00f6nleges volt, hogy gy\u00fclekezet\u00fcnkben k\u00e9t h\u00e1zasp\u00e1r is h\u00e1zass\u00e1gi \u00e9vfordul\u00f3j\u00e1t \u00fcnnepelhette. Az al\u00e1bbi k\u00e9peken l\u00e1that\u00f3 asztalt gy\u00fclekezet\u00fcnk tagjai d\u00edsz\u00edtett\u00e9k fel saj\u00e1t term\u00e9nyeikkel, kifejezv\u00e9n h\u00e1l\u00e1jukat az \u00dar gazdag \u00e1ld\u00e1s\u00e1\u00e9rt.<\/p>\n<p style=\"text-align: center;\">A gal\u00e9ria bet\u00f6lt\u00e9s\u00e9hez kattintson az al\u00e1bbi k\u00e9pek valamelyik\u00e9re!<\/p>\n\n\t\t<style type=\"text\/css\">\n\t\t\t#gallery-1 {\n\t\t\t\tmargin: auto;\n\t\t\t}\n\t\t\t#gallery-1 .gallery-item {\n\t\t\t\tfloat: left;\n\t\t\t\tmargin-top: 10px;\n\t\t\t\ttext-align: center;\n\t\t\t\twidth: 25%;\n\t\t\t}\n\t\t\t#gallery-1 img {\n\t\t\t\tborder: 2px solid #cfcfcf;\n\t\t\t}\n\t\t\t#gallery-1 .gallery-caption {\n\t\t\t\tmargin-left: 0;\n\t\t\t}\n\t\t\t\/* see gallery_shortcode() in wp-includes\/media.php *\/\n\t\t<\/style>\n\t\t<div id='gallery-1' class='gallery galleryid-1790 gallery-columns-4 gallery-size-thumbnail'><dl class='gallery-item'>\n\t\t\t<dt class='gallery-icon landscape'>\n\t\t\t\t<a href='https:\/\/ujfeherto.adventista.hu\/wp-content\/uploads\/2015\/10\/H\u00e1laad\u00e1s01.jpg'><img loading=\"lazy\" decoding=\"async\" width=\"150\" height=\"150\" src=\"https:\/\/ujfeherto.adventista.hu\/wp-content\/uploads\/2015\/10\/H\u00e1laad\u00e1s01-150x150.jpg\" class=\"attachment-thumbnail size-thumbnail\" alt=\"\" \/><\/a>\n\t\t\t<\/dt><\/dl><dl class='gallery-item'>\n\t\t\t<dt class='gallery-icon landscape'>\n\t\t\t\t<a href='https:\/\/ujfeherto.adventista.hu\/wp-content\/uploads\/2015\/10\/H\u00e1laad\u00e1s02.jpg'><img loading=\"lazy\" decoding=\"async\" width=\"150\" height=\"150\" src=\"https:\/\/ujfeherto.adventista.hu\/wp-content\/uploads\/2015\/10\/H\u00e1laad\u00e1s02-150x150.jpg\" class=\"attachment-thumbnail size-thumbnail\" alt=\"\" \/><\/a>\n\t\t\t<\/dt><\/dl><dl class='gallery-item'>\n\t\t\t<dt class='gallery-icon landscape'>\n\t\t\t\t<a href='https:\/\/ujfeherto.adventista.hu\/wp-content\/uploads\/2015\/10\/H\u00e1laad\u00e1s03.jpg'><img loading=\"lazy\" decoding=\"async\" width=\"150\" height=\"150\" src=\"https:\/\/ujfeherto.adventista.hu\/wp-content\/uploads\/2015\/10\/H\u00e1laad\u00e1s03-150x150.jpg\" class=\"attachment-thumbnail size-thumbnail\" alt=\"\" \/><\/a>\n\t\t\t<\/dt><\/dl><dl class='gallery-item'>\n\t\t\t<dt class='gallery-icon portrait'>\n\t\t\t\t<a href='https:\/\/ujfeherto.adventista.hu\/wp-content\/uploads\/2015\/10\/H\u00e1laad\u00e1s04.jpg'><img loading=\"lazy\" decoding=\"async\" width=\"150\" height=\"150\" src=\"https:\/\/ujfeherto.adventista.hu\/wp-content\/uploads\/2015\/10\/H\u00e1laad\u00e1s04-150x150.jpg\" class=\"attachment-thumbnail size-thumbnail\" alt=\"\" \/><\/a>\n\t\t\t<\/dt><\/dl><br style=\"clear: both\" \/>\n\t\t<\/div>\n\n","protected":false},"excerpt":{"rendered":"<p>2015. okt\u00f3ber 17-\u00e9n Rest\u00e1s L\u00e1szl\u00f3, gy\u00fclekezet\u00fcnk lelk\u00e9sze vezet\u00e9s\u00e9vel a d\u00e9lut\u00e1ni \u00f3ra keret\u00e9n bel\u00fcl \u0151szi h\u00e1laad\u00f3 istentiszteletet tartottunk. Az el\u0151ad\u00e1s hangfelv\u00e9tele &#8222;H\u00e1laad\u00e1s&#8221; c\u00edmmel meghallgathat\u00f3 a k\u00f6vetkez\u0151 oldalon. Az \u00fcnnep\u00e9lyes alkalom abb\u00f3l a szempontb\u00f3l is k\u00fcl\u00f6nleges volt, hogy gy\u00fclekezet\u00fcnkben k\u00e9t h\u00e1zasp\u00e1r is h\u00e1zass\u00e1gi \u00e9vfordul\u00f3j\u00e1t \u00fcnnepelhette. Az al\u00e1bbi k\u00e9peken l\u00e1that\u00f3 asztalt gy\u00fclekezet\u00fcnk tagjai d\u00edsz\u00edtett\u00e9k fel saj\u00e1t term\u00e9nyeikkel, kifejezv\u00e9n &hellip; <\/p>\n<p><a class=\"more-link btn\" href=\"https:\/\/ujfeherto.adventista.hu\/?p=1790\">Olvass tov\u00e1bb<\/a><\/p>\n","protected":false},"author":4,"featured_media":1792,"comment_status":"closed","ping_status":"closed","sticky":false,"template":"","format":"standard","meta":{"footnotes":""},"categories":[14],"tags":[70,9,68,71,72],"class_list":["post-1790","post","type-post","status-publish","format-standard","has-post-thumbnail","hentry","category-galeria","tag-halaadas","tag-hazassagi-evfordulo","tag-istentisztelet","tag-oszi-halaadas","tag-termenyek","item-wrap"],"aioseo_notices":[],"_links":{"self":[{"href":"https:\/\/ujfeherto.adventista.hu\/index.php?rest_route=\/wp\/v2\/posts\/1790","targetHints":{"allow":["GET"]}}],"collection":[{"href":"https:\/\/ujfeherto.adventista.hu\/index.php?rest_route=\/wp\/v2\/posts"}],"about":[{"href":"https:\/\/ujfeherto.adventista.hu\/index.php?rest_route=\/wp\/v2\/types\/post"}],"author":[{"embeddable":true,"href":"https:\/\/ujfeherto.adventista.hu\/index.php?rest_route=\/wp\/v2\/users\/4"}],"replies":[{"embeddable":true,"href":"https:\/\/ujfeherto.adventista.hu\/index.php?rest_route=%2Fwp%2Fv2%2Fcomments&post=1790"}],"version-history":[{"count":3,"href":"https:\/\/ujfeherto.adventista.hu\/index.php?rest_route=\/wp\/v2\/posts\/1790\/revisions"}],"predecessor-version":[{"id":1891,"href":"https:\/\/ujfeherto.adventista.hu\/index.php?rest_route=\/wp\/v2\/posts\/1790\/revisions\/1891"}],"wp:featuredmedia":[{"embeddable":true,"href":"https:\/\/ujfeherto.adventista.hu\/index.php?rest_route=\/wp\/v2\/media\/1792"}],"wp:attachment":[{"href":"https:\/\/ujfeherto.adventista.hu\/index.php?rest_route=%2Fwp%2Fv2%2Fmedia&parent=1790"}],"wp:term":[{"taxonomy":"category","embeddable":true,"href":"https:\/\/ujfeherto.adventista.hu\/index.php?rest_route=%2Fwp%2Fv2%2Fcategories&post=1790"},{"taxonomy":"post_tag","embeddable":true,"href":"https:\/\/ujfeherto.adventista.hu\/index.php?rest_route=%2Fwp%2Fv2%2Ftags&post=1790"}],"curies":[{"name":"wp","href":"https:\/\/api.w.org\/{rel}","templated":true}]}}