{"id":1769,"date":"2015-10-04T16:26:34","date_gmt":"2015-10-04T14:26:34","guid":{"rendered":"http:\/\/adventista.hu\/ujfeherto\/?p=1769"},"modified":"2016-04-23T18:21:49","modified_gmt":"2016-04-23T16:21:49","slug":"idosek-napja-ujfeherton","status":"publish","type":"post","link":"https:\/\/ujfeherto.adventista.hu\/?p=1769","title":{"rendered":"Id\u0151sek napja \u00dajfeh\u00e9rt\u00f3n"},"content":{"rendered":"<p style=\"text-align: justify;\">2015. okt\u00f3ber 3-\u00e1n \u00dajfeh\u00e9rt\u00f3 V\u00e1ros \u00d6nkorm\u00e1nyzata az Id\u0151sek napja rendezv\u00e9ny keretein bel\u00fcl k\u00f6sz\u00f6nt\u00f6tte az 50. \u00e9s 60. h\u00e1zass\u00e1gi \u00e9vfordul\u00f3jukat \u00fcnnepl\u0151 h\u00e1zasp\u00e1rokat, valamint a v\u00e1ros legid\u0151sebb polg\u00e1rait. A Hetednapi Adventista Egyh\u00e1z \u00dajfeh\u00e9rt\u00f3i Gy\u00fclekezet\u00e9b\u0151l Bodn\u00e1r Istv\u00e1n testv\u00e9rt \u00e9s egyben a v\u00e1ros legid\u0151sebb f\u00e9rfi polg\u00e1r\u00e1t imm\u00e1r negyedik alkalommal k\u00f6sz\u00f6nt\u00f6tt\u00e9k v\u00e1rosunk vezet\u0151i: Nagy S\u00e1ndor polg\u00e1rmester \u00far, Sz\u0171cs L\u00e1szl\u00f3n\u00e9 alpolg\u00e1rmester asszony, valamint Dr. Sz\u0171cs Andrea jegyz\u0151 \u00farh\u00f6lgy. Bodn\u00e1r Istv\u00e1n december 24-\u00e9n fogja bet\u00f6lteni 96. \u00e9let\u00e9v\u00e9t. Isten \u00e9ltesse m\u00e9g sok\u00e1ig j\u00f3 er\u0151ben, eg\u00e9szs\u00e9gben!<\/p>\n<p style=\"text-align: center;\"> A gal\u00e9ria bet\u00f6lt\u00e9s\u00e9hez kattintson az al\u00e1bbi k\u00e9pek valamelyik\u00e9re!<\/p>\n\n\t\t<style type=\"text\/css\">\n\t\t\t#gallery-1 {\n\t\t\t\tmargin: auto;\n\t\t\t}\n\t\t\t#gallery-1 .gallery-item {\n\t\t\t\tfloat: left;\n\t\t\t\tmargin-top: 10px;\n\t\t\t\ttext-align: center;\n\t\t\t\twidth: 33%;\n\t\t\t}\n\t\t\t#gallery-1 img {\n\t\t\t\tborder: 2px solid #cfcfcf;\n\t\t\t}\n\t\t\t#gallery-1 .gallery-caption {\n\t\t\t\tmargin-left: 0;\n\t\t\t}\n\t\t\t\/* see gallery_shortcode() in wp-includes\/media.php *\/\n\t\t<\/style>\n\t\t<div id='gallery-1' class='gallery galleryid-1769 gallery-columns-3 gallery-size-thumbnail'><dl class='gallery-item'>\n\t\t\t<dt class='gallery-icon landscape'>\n\t\t\t\t<a href='https:\/\/ujfeherto.adventista.hu\/wp-content\/uploads\/2015\/10\/K\u00f6sz\u00f6nt\u00e9s01.jpg'><img loading=\"lazy\" decoding=\"async\" width=\"150\" height=\"150\" src=\"https:\/\/ujfeherto.adventista.hu\/wp-content\/uploads\/2015\/10\/K\u00f6sz\u00f6nt\u00e9s01-150x150.jpg\" class=\"attachment-thumbnail size-thumbnail\" alt=\"\" \/><\/a>\n\t\t\t<\/dt><\/dl><dl class='gallery-item'>\n\t\t\t<dt class='gallery-icon landscape'>\n\t\t\t\t<a href='https:\/\/ujfeherto.adventista.hu\/wp-content\/uploads\/2015\/10\/K\u00f6sz\u00f6nt\u00e9s02.jpg'><img loading=\"lazy\" decoding=\"async\" width=\"150\" height=\"150\" src=\"https:\/\/ujfeherto.adventista.hu\/wp-content\/uploads\/2015\/10\/K\u00f6sz\u00f6nt\u00e9s02-150x150.jpg\" class=\"attachment-thumbnail size-thumbnail\" alt=\"\" \/><\/a>\n\t\t\t<\/dt><\/dl><dl class='gallery-item'>\n\t\t\t<dt class='gallery-icon landscape'>\n\t\t\t\t<a href='https:\/\/ujfeherto.adventista.hu\/wp-content\/uploads\/2015\/10\/K\u00f6sz\u00f6nt\u00e9s03.jpg'><img loading=\"lazy\" decoding=\"async\" width=\"150\" height=\"150\" src=\"https:\/\/ujfeherto.adventista.hu\/wp-content\/uploads\/2015\/10\/K\u00f6sz\u00f6nt\u00e9s03-150x150.jpg\" class=\"attachment-thumbnail size-thumbnail\" alt=\"\" \/><\/a>\n\t\t\t<\/dt><\/dl><br style=\"clear: both\" \/><dl class='gallery-item'>\n\t\t\t<dt class='gallery-icon landscape'>\n\t\t\t\t<a href='https:\/\/ujfeherto.adventista.hu\/wp-content\/uploads\/2015\/10\/K\u00f6sz\u00f6nt\u00e9s04.jpg'><img loading=\"lazy\" decoding=\"async\" width=\"150\" height=\"150\" src=\"https:\/\/ujfeherto.adventista.hu\/wp-content\/uploads\/2015\/10\/K\u00f6sz\u00f6nt\u00e9s04-150x150.jpg\" class=\"attachment-thumbnail size-thumbnail\" alt=\"\" \/><\/a>\n\t\t\t<\/dt><\/dl><dl class='gallery-item'>\n\t\t\t<dt class='gallery-icon landscape'>\n\t\t\t\t<a href='https:\/\/ujfeherto.adventista.hu\/wp-content\/uploads\/2015\/10\/K\u00f6sz\u00f6nt\u00e9s05.jpg'><img loading=\"lazy\" decoding=\"async\" width=\"150\" height=\"150\" src=\"https:\/\/ujfeherto.adventista.hu\/wp-content\/uploads\/2015\/10\/K\u00f6sz\u00f6nt\u00e9s05-150x150.jpg\" class=\"attachment-thumbnail size-thumbnail\" alt=\"\" \/><\/a>\n\t\t\t<\/dt><\/dl><dl class='gallery-item'>\n\t\t\t<dt class='gallery-icon landscape'>\n\t\t\t\t<a href='https:\/\/ujfeherto.adventista.hu\/wp-content\/uploads\/2015\/10\/K\u00f6sz\u00f6nt\u00e9s06.jpg'><img loading=\"lazy\" decoding=\"async\" width=\"150\" height=\"150\" src=\"https:\/\/ujfeherto.adventista.hu\/wp-content\/uploads\/2015\/10\/K\u00f6sz\u00f6nt\u00e9s06-150x150.jpg\" class=\"attachment-thumbnail size-thumbnail\" alt=\"\" \/><\/a>\n\t\t\t<\/dt><\/dl><br style=\"clear: both\" \/><dl class='gallery-item'>\n\t\t\t<dt class='gallery-icon landscape'>\n\t\t\t\t<a href='https:\/\/ujfeherto.adventista.hu\/wp-content\/uploads\/2015\/10\/K\u00f6sz\u00f6nt\u00e9s07.jpg'><img loading=\"lazy\" decoding=\"async\" width=\"150\" height=\"150\" src=\"https:\/\/ujfeherto.adventista.hu\/wp-content\/uploads\/2015\/10\/K\u00f6sz\u00f6nt\u00e9s07-150x150.jpg\" class=\"attachment-thumbnail size-thumbnail\" alt=\"\" \/><\/a>\n\t\t\t<\/dt><\/dl><dl class='gallery-item'>\n\t\t\t<dt class='gallery-icon landscape'>\n\t\t\t\t<a href='https:\/\/ujfeherto.adventista.hu\/wp-content\/uploads\/2015\/10\/K\u00f6sz\u00f6nt\u00e9s08.jpg'><img loading=\"lazy\" decoding=\"async\" width=\"150\" height=\"150\" src=\"https:\/\/ujfeherto.adventista.hu\/wp-content\/uploads\/2015\/10\/K\u00f6sz\u00f6nt\u00e9s08-150x150.jpg\" class=\"attachment-thumbnail size-thumbnail\" alt=\"\" \/><\/a>\n\t\t\t<\/dt><\/dl><dl class='gallery-item'>\n\t\t\t<dt class='gallery-icon landscape'>\n\t\t\t\t<a href='https:\/\/ujfeherto.adventista.hu\/wp-content\/uploads\/2015\/10\/K\u00f6sz\u00f6nt\u00e9s09.jpg'><img loading=\"lazy\" decoding=\"async\" width=\"150\" height=\"150\" src=\"https:\/\/ujfeherto.adventista.hu\/wp-content\/uploads\/2015\/10\/K\u00f6sz\u00f6nt\u00e9s09-150x150.jpg\" class=\"attachment-thumbnail size-thumbnail\" alt=\"\" \/><\/a>\n\t\t\t<\/dt><\/dl><br style=\"clear: both\" \/><dl class='gallery-item'>\n\t\t\t<dt class='gallery-icon landscape'>\n\t\t\t\t<a href='https:\/\/ujfeherto.adventista.hu\/wp-content\/uploads\/2015\/10\/K\u00f6sz\u00f6nt\u00e9s10.jpg'><img loading=\"lazy\" decoding=\"async\" width=\"150\" height=\"150\" src=\"https:\/\/ujfeherto.adventista.hu\/wp-content\/uploads\/2015\/10\/K\u00f6sz\u00f6nt\u00e9s10-150x150.jpg\" class=\"attachment-thumbnail size-thumbnail\" alt=\"\" \/><\/a>\n\t\t\t<\/dt><\/dl><dl class='gallery-item'>\n\t\t\t<dt class='gallery-icon portrait'>\n\t\t\t\t<a href='https:\/\/ujfeherto.adventista.hu\/wp-content\/uploads\/2015\/10\/K\u00f6sz\u00f6nt\u00e9s11.jpg'><img loading=\"lazy\" decoding=\"async\" width=\"150\" height=\"150\" src=\"https:\/\/ujfeherto.adventista.hu\/wp-content\/uploads\/2015\/10\/K\u00f6sz\u00f6nt\u00e9s11-150x150.jpg\" class=\"attachment-thumbnail size-thumbnail\" alt=\"\" \/><\/a>\n\t\t\t<\/dt><\/dl><dl class='gallery-item'>\n\t\t\t<dt class='gallery-icon portrait'>\n\t\t\t\t<a href='https:\/\/ujfeherto.adventista.hu\/wp-content\/uploads\/2015\/10\/K\u00f6sz\u00f6nt\u00e9s12.jpg'><img loading=\"lazy\" decoding=\"async\" width=\"150\" height=\"150\" src=\"https:\/\/ujfeherto.adventista.hu\/wp-content\/uploads\/2015\/10\/K\u00f6sz\u00f6nt\u00e9s12-150x150.jpg\" class=\"attachment-thumbnail size-thumbnail\" alt=\"\" \/><\/a>\n\t\t\t<\/dt><\/dl><br style=\"clear: both\" \/><dl class='gallery-item'>\n\t\t\t<dt class='gallery-icon landscape'>\n\t\t\t\t<a href='https:\/\/ujfeherto.adventista.hu\/wp-content\/uploads\/2015\/10\/K\u00f6sz\u00f6nt\u00e9s13.jpg'><img loading=\"lazy\" decoding=\"async\" width=\"150\" height=\"150\" src=\"https:\/\/ujfeherto.adventista.hu\/wp-content\/uploads\/2015\/10\/K\u00f6sz\u00f6nt\u00e9s13-150x150.jpg\" class=\"attachment-thumbnail size-thumbnail\" alt=\"\" \/><\/a>\n\t\t\t<\/dt><\/dl><dl class='gallery-item'>\n\t\t\t<dt class='gallery-icon portrait'>\n\t\t\t\t<a href='https:\/\/ujfeherto.adventista.hu\/wp-content\/uploads\/2015\/10\/K\u00f6sz\u00f6nt\u00e9s14.jpg'><img loading=\"lazy\" decoding=\"async\" width=\"150\" height=\"150\" src=\"https:\/\/ujfeherto.adventista.hu\/wp-content\/uploads\/2015\/10\/K\u00f6sz\u00f6nt\u00e9s14-150x150.jpg\" class=\"attachment-thumbnail size-thumbnail\" alt=\"\" \/><\/a>\n\t\t\t<\/dt><\/dl><dl class='gallery-item'>\n\t\t\t<dt class='gallery-icon landscape'>\n\t\t\t\t<a href='https:\/\/ujfeherto.adventista.hu\/wp-content\/uploads\/2015\/10\/K\u00f6sz\u00f6nt\u00e9s15.jpg'><img loading=\"lazy\" decoding=\"async\" width=\"150\" height=\"150\" src=\"https:\/\/ujfeherto.adventista.hu\/wp-content\/uploads\/2015\/10\/K\u00f6sz\u00f6nt\u00e9s15-150x150.jpg\" class=\"attachment-thumbnail size-thumbnail\" alt=\"\" \/><\/a>\n\t\t\t<\/dt><\/dl><br style=\"clear: both\" \/>\n\t\t<\/div>\n\n","protected":false},"excerpt":{"rendered":"<p>2015. okt\u00f3ber 3-\u00e1n \u00dajfeh\u00e9rt\u00f3 V\u00e1ros \u00d6nkorm\u00e1nyzata az Id\u0151sek napja rendezv\u00e9ny keretein bel\u00fcl k\u00f6sz\u00f6nt\u00f6tte az 50. \u00e9s 60. h\u00e1zass\u00e1gi \u00e9vfordul\u00f3jukat \u00fcnnepl\u0151 h\u00e1zasp\u00e1rokat, valamint a v\u00e1ros legid\u0151sebb polg\u00e1rait. A Hetednapi Adventista Egyh\u00e1z \u00dajfeh\u00e9rt\u00f3i Gy\u00fclekezet\u00e9b\u0151l Bodn\u00e1r Istv\u00e1n testv\u00e9rt \u00e9s egyben a v\u00e1ros legid\u0151sebb f\u00e9rfi polg\u00e1r\u00e1t imm\u00e1r negyedik alkalommal k\u00f6sz\u00f6nt\u00f6tt\u00e9k v\u00e1rosunk vezet\u0151i: Nagy S\u00e1ndor polg\u00e1rmester \u00far, Sz\u0171cs L\u00e1szl\u00f3n\u00e9 alpolg\u00e1rmester &hellip; <\/p>\n<p><a class=\"more-link btn\" href=\"https:\/\/ujfeherto.adventista.hu\/?p=1769\">Olvass tov\u00e1bb<\/a><\/p>\n","protected":false},"author":4,"featured_media":1774,"comment_status":"closed","ping_status":"closed","sticky":false,"template":"","format":"standard","meta":{"footnotes":""},"categories":[14],"tags":[62,63,64],"class_list":["post-1769","post","type-post","status-publish","format-standard","has-post-thumbnail","hentry","category-galeria","tag-bodnar-istvan","tag-legidosebb-polgar","tag-legidosebb-testver","item-wrap"],"aioseo_notices":[],"_links":{"self":[{"href":"https:\/\/ujfeherto.adventista.hu\/index.php?rest_route=\/wp\/v2\/posts\/1769","targetHints":{"allow":["GET"]}}],"collection":[{"href":"https:\/\/ujfeherto.adventista.hu\/index.php?rest_route=\/wp\/v2\/posts"}],"about":[{"href":"https:\/\/ujfeherto.adventista.hu\/index.php?rest_route=\/wp\/v2\/types\/post"}],"author":[{"embeddable":true,"href":"https:\/\/ujfeherto.adventista.hu\/index.php?rest_route=\/wp\/v2\/users\/4"}],"replies":[{"embeddable":true,"href":"https:\/\/ujfeherto.adventista.hu\/index.php?rest_route=%2Fwp%2Fv2%2Fcomments&post=1769"}],"version-history":[{"count":1,"href":"https:\/\/ujfeherto.adventista.hu\/index.php?rest_route=\/wp\/v2\/posts\/1769\/revisions"}],"predecessor-version":[{"id":1785,"href":"https:\/\/ujfeherto.adventista.hu\/index.php?rest_route=\/wp\/v2\/posts\/1769\/revisions\/1785"}],"wp:featuredmedia":[{"embeddable":true,"href":"https:\/\/ujfeherto.adventista.hu\/index.php?rest_route=\/wp\/v2\/media\/1774"}],"wp:attachment":[{"href":"https:\/\/ujfeherto.adventista.hu\/index.php?rest_route=%2Fwp%2Fv2%2Fmedia&parent=1769"}],"wp:term":[{"taxonomy":"category","embeddable":true,"href":"https:\/\/ujfeherto.adventista.hu\/index.php?rest_route=%2Fwp%2Fv2%2Fcategories&post=1769"},{"taxonomy":"post_tag","embeddable":true,"href":"https:\/\/ujfeherto.adventista.hu\/index.php?rest_route=%2Fwp%2Fv2%2Ftags&post=1769"}],"curies":[{"name":"wp","href":"https:\/\/api.w.org\/{rel}","templated":true}]}}