{"id":1638,"date":"2014-09-14T10:58:57","date_gmt":"2014-09-14T08:58:57","guid":{"rendered":"http:\/\/adventista.hu\/ujfeherto\/?p=1638"},"modified":"2016-04-23T18:24:18","modified_gmt":"2016-04-23T16:24:18","slug":"hazassagi-evfordulok-gyulekezetunkben","status":"publish","type":"post","link":"https:\/\/ujfeherto.adventista.hu\/?p=1638","title":{"rendered":"H\u00e1zass\u00e1gi \u00e9vfordul\u00f3k gy\u00fclekezet\u00fcnkben"},"content":{"rendered":"<p style=\"text-align: justify;\">2014. szeptember 13-\u00e1n a R\u00e1cz \u00e9s Bar\u00e1th h\u00e1zasp\u00e1r h\u00e1zass\u00e1gi \u00e9vfordul\u00f3j\u00e1t \u00fcnnepelt\u00fck gy\u00fclekezet\u00fcnkben. A R\u00e1cz csal\u00e1d a 40., a Bar\u00e1th h\u00e1zasp\u00e1r pedig a 62. \u00e9vfordul\u00f3jukat \u00fcnnepelt\u00e9k. Az ig\u00e9t Bar\u00e1th S\u00e1ndor testv\u00e9r hirdette, melynek t\u00e9m\u00e1ja &#8222;Vezeti-e Isten lelke az \u00e9let\u00fcnket?&#8221; volt. Az el\u0151ad\u00e1s hangfelv\u00e9tele meghallgathat\u00f3 a k\u00f6vetkez\u0151 <span style=\"text-decoration: underline;\"><a href=\"http:\/\/ujfeherto.adventista.hu\/?p=1208\" title=\"El\u0151ad\u00e1saink hangfelv\u00e9telei\" target=\"_blank\">oldalon<\/a><\/span>.<br \/>\nIsten gazdag \u00e1ld\u00e1s\u00e1t k\u00edv\u00e1njuk \u00e9let\u00fckre!<\/p>\n<p style=\"text-align: center;\">A gal\u00e9ria bet\u00f6lt\u00e9s\u00e9hez kattintson az al\u00e1bbi k\u00e9pek valamelyik\u00e9re!<\/p>\n\n\t\t<style type=\"text\/css\">\n\t\t\t#gallery-1 {\n\t\t\t\tmargin: auto;\n\t\t\t}\n\t\t\t#gallery-1 .gallery-item {\n\t\t\t\tfloat: left;\n\t\t\t\tmargin-top: 10px;\n\t\t\t\ttext-align: center;\n\t\t\t\twidth: 33%;\n\t\t\t}\n\t\t\t#gallery-1 img {\n\t\t\t\tborder: 2px solid #cfcfcf;\n\t\t\t}\n\t\t\t#gallery-1 .gallery-caption {\n\t\t\t\tmargin-left: 0;\n\t\t\t}\n\t\t\t\/* see gallery_shortcode() in wp-includes\/media.php *\/\n\t\t<\/style>\n\t\t<div id='gallery-1' class='gallery galleryid-1638 gallery-columns-3 gallery-size-thumbnail'><dl class='gallery-item'>\n\t\t\t<dt class='gallery-icon landscape'>\n\t\t\t\t<a href='https:\/\/ujfeherto.adventista.hu\/wp-content\/uploads\/2014\/09\/H\u00e1zass\u00e1gi-\u00e9vfordul\u00f301.jpg'><img loading=\"lazy\" decoding=\"async\" width=\"150\" height=\"150\" src=\"https:\/\/ujfeherto.adventista.hu\/wp-content\/uploads\/2014\/09\/H\u00e1zass\u00e1gi-\u00e9vfordul\u00f301-150x150.jpg\" class=\"attachment-thumbnail size-thumbnail\" alt=\"\" \/><\/a>\n\t\t\t<\/dt><\/dl><dl class='gallery-item'>\n\t\t\t<dt class='gallery-icon landscape'>\n\t\t\t\t<a href='https:\/\/ujfeherto.adventista.hu\/wp-content\/uploads\/2014\/09\/H\u00e1zass\u00e1gi-\u00e9vfordul\u00f302.jpg'><img loading=\"lazy\" decoding=\"async\" width=\"150\" height=\"150\" src=\"https:\/\/ujfeherto.adventista.hu\/wp-content\/uploads\/2014\/09\/H\u00e1zass\u00e1gi-\u00e9vfordul\u00f302-150x150.jpg\" class=\"attachment-thumbnail size-thumbnail\" alt=\"\" \/><\/a>\n\t\t\t<\/dt><\/dl><dl class='gallery-item'>\n\t\t\t<dt class='gallery-icon landscape'>\n\t\t\t\t<a href='https:\/\/ujfeherto.adventista.hu\/wp-content\/uploads\/2014\/09\/H\u00e1zass\u00e1gi-\u00e9vfordul\u00f303.jpg'><img loading=\"lazy\" decoding=\"async\" width=\"150\" height=\"150\" src=\"https:\/\/ujfeherto.adventista.hu\/wp-content\/uploads\/2014\/09\/H\u00e1zass\u00e1gi-\u00e9vfordul\u00f303-150x150.jpg\" class=\"attachment-thumbnail size-thumbnail\" alt=\"\" \/><\/a>\n\t\t\t<\/dt><\/dl><br style=\"clear: both\" \/>\n\t\t<\/div>\n\n","protected":false},"excerpt":{"rendered":"<p>2014. szeptember 13-\u00e1n a R\u00e1cz \u00e9s Bar\u00e1th h\u00e1zasp\u00e1r h\u00e1zass\u00e1gi \u00e9vfordul\u00f3j\u00e1t \u00fcnnepelt\u00fck gy\u00fclekezet\u00fcnkben. A R\u00e1cz csal\u00e1d a 40., a Bar\u00e1th h\u00e1zasp\u00e1r pedig a 62. \u00e9vfordul\u00f3jukat \u00fcnnepelt\u00e9k. Az ig\u00e9t Bar\u00e1th S\u00e1ndor testv\u00e9r hirdette, melynek t\u00e9m\u00e1ja &#8222;Vezeti-e Isten lelke az \u00e9let\u00fcnket?&#8221; volt. Az el\u0151ad\u00e1s hangfelv\u00e9tele meghallgathat\u00f3 a k\u00f6vetkez\u0151 oldalon. Isten gazdag \u00e1ld\u00e1s\u00e1t k\u00edv\u00e1njuk \u00e9let\u00fckre! A gal\u00e9ria bet\u00f6lt\u00e9s\u00e9hez kattintson &hellip; <\/p>\n<p><a class=\"more-link btn\" href=\"https:\/\/ujfeherto.adventista.hu\/?p=1638\">Olvass tov\u00e1bb<\/a><\/p>\n","protected":false},"author":4,"featured_media":1647,"comment_status":"closed","ping_status":"closed","sticky":false,"template":"","format":"standard","meta":{"footnotes":""},"categories":[14],"tags":[9],"class_list":["post-1638","post","type-post","status-publish","format-standard","has-post-thumbnail","hentry","category-galeria","tag-hazassagi-evfordulo","item-wrap"],"aioseo_notices":[],"_links":{"self":[{"href":"https:\/\/ujfeherto.adventista.hu\/index.php?rest_route=\/wp\/v2\/posts\/1638","targetHints":{"allow":["GET"]}}],"collection":[{"href":"https:\/\/ujfeherto.adventista.hu\/index.php?rest_route=\/wp\/v2\/posts"}],"about":[{"href":"https:\/\/ujfeherto.adventista.hu\/index.php?rest_route=\/wp\/v2\/types\/post"}],"author":[{"embeddable":true,"href":"https:\/\/ujfeherto.adventista.hu\/index.php?rest_route=\/wp\/v2\/users\/4"}],"replies":[{"embeddable":true,"href":"https:\/\/ujfeherto.adventista.hu\/index.php?rest_route=%2Fwp%2Fv2%2Fcomments&post=1638"}],"version-history":[{"count":5,"href":"https:\/\/ujfeherto.adventista.hu\/index.php?rest_route=\/wp\/v2\/posts\/1638\/revisions"}],"predecessor-version":[{"id":1894,"href":"https:\/\/ujfeherto.adventista.hu\/index.php?rest_route=\/wp\/v2\/posts\/1638\/revisions\/1894"}],"wp:featuredmedia":[{"embeddable":true,"href":"https:\/\/ujfeherto.adventista.hu\/index.php?rest_route=\/wp\/v2\/media\/1647"}],"wp:attachment":[{"href":"https:\/\/ujfeherto.adventista.hu\/index.php?rest_route=%2Fwp%2Fv2%2Fmedia&parent=1638"}],"wp:term":[{"taxonomy":"category","embeddable":true,"href":"https:\/\/ujfeherto.adventista.hu\/index.php?rest_route=%2Fwp%2Fv2%2Fcategories&post=1638"},{"taxonomy":"post_tag","embeddable":true,"href":"https:\/\/ujfeherto.adventista.hu\/index.php?rest_route=%2Fwp%2Fv2%2Ftags&post=1638"}],"curies":[{"name":"wp","href":"https:\/\/api.w.org\/{rel}","templated":true}]}}