{"id":1614,"date":"2014-08-24T18:40:58","date_gmt":"2014-08-24T16:40:58","guid":{"rendered":"http:\/\/adventista.hu\/ujfeherto\/?p=1614"},"modified":"2016-04-23T18:24:59","modified_gmt":"2016-04-23T16:24:59","slug":"fekete-szandra-keresztsege","status":"publish","type":"post","link":"https:\/\/ujfeherto.adventista.hu\/?p=1614","title":{"rendered":"Fekete Szandra kereszts\u00e9ge"},"content":{"rendered":"<p style=\"text-align: justify;\">Kereszts\u00e9gi istentiszteletre gy\u0171lt\u00fcnk \u00f6ssze \u00dajfeh\u00e9rt\u00f3n, 2014. augusztus 8-\u00e1n. Fekete Szandra (debreceni gy\u00fclekezet) k\u00f6t\u00f6tt sz\u00f6vets\u00e9get az \u00dar J\u00e9zus Krisztussal, v\u00e1gy\u00e1nak megfelel\u0151en egy fest\u0151i sz\u00e9ps\u00e9g\u0171 t\u00f3ban. A vend\u00e9gl\u00e1t\u00e1st k\u00f6vet\u0151en a kereszts\u00e9gi istentiszteletet, valamint a bemer\u00edt\u00e9st Szab\u00f3 J\u00e1nos lelk\u00e9sz v\u00e9gezte. Az es\u0151s, borong\u00f3s id\u0151 ellen\u00e9re nagyon sz\u00e9p sz\u00e1mban gy\u0171lt\u00fcnk \u00f6ssze, az istentisztelet idej\u00e9re pedig az id\u0151j\u00e1r\u00e1s is nek\u00fcnk kedvezett.<br \/>\nIsten \u00e1ld\u00e1s\u00e1t k\u00edv\u00e1njuk Szandra \u00e9let\u00e9re!<\/p>\n<p align=\"center\"><iframe loading=\"lazy\" width=\"560\" height=\"315\" src=\"\/\/www.youtube.com\/embed\/9yY2bEq0f4s\" frameborder=\"0\" allowfullscreen><\/iframe><\/p>\n<p style=\"text-align: center;\">A gal\u00e9ria bet\u00f6lt\u00e9s\u00e9hez kattintson az al\u00e1bbi k\u00e9pek valamelyik\u00e9re!<\/p>\n\n\t\t<style type=\"text\/css\">\n\t\t\t#gallery-1 {\n\t\t\t\tmargin: auto;\n\t\t\t}\n\t\t\t#gallery-1 .gallery-item {\n\t\t\t\tfloat: left;\n\t\t\t\tmargin-top: 10px;\n\t\t\t\ttext-align: center;\n\t\t\t\twidth: 33%;\n\t\t\t}\n\t\t\t#gallery-1 img {\n\t\t\t\tborder: 2px solid #cfcfcf;\n\t\t\t}\n\t\t\t#gallery-1 .gallery-caption {\n\t\t\t\tmargin-left: 0;\n\t\t\t}\n\t\t\t\/* see gallery_shortcode() in wp-includes\/media.php *\/\n\t\t<\/style>\n\t\t<div id='gallery-1' class='gallery galleryid-1614 gallery-columns-3 gallery-size-thumbnail'><dl class='gallery-item'>\n\t\t\t<dt class='gallery-icon landscape'>\n\t\t\t\t<a href='https:\/\/ujfeherto.adventista.hu\/wp-content\/uploads\/2014\/08\/Kereszts\u00e9g01.jpg'><img loading=\"lazy\" decoding=\"async\" width=\"150\" height=\"150\" src=\"https:\/\/ujfeherto.adventista.hu\/wp-content\/uploads\/2014\/08\/Kereszts\u00e9g01-150x150.jpg\" class=\"attachment-thumbnail size-thumbnail\" alt=\"\" \/><\/a>\n\t\t\t<\/dt><\/dl><dl class='gallery-item'>\n\t\t\t<dt class='gallery-icon landscape'>\n\t\t\t\t<a href='https:\/\/ujfeherto.adventista.hu\/wp-content\/uploads\/2014\/08\/Kereszts\u00e9g02.jpg'><img loading=\"lazy\" decoding=\"async\" width=\"150\" height=\"150\" src=\"https:\/\/ujfeherto.adventista.hu\/wp-content\/uploads\/2014\/08\/Kereszts\u00e9g02-150x150.jpg\" class=\"attachment-thumbnail size-thumbnail\" alt=\"\" \/><\/a>\n\t\t\t<\/dt><\/dl><dl class='gallery-item'>\n\t\t\t<dt class='gallery-icon landscape'>\n\t\t\t\t<a href='https:\/\/ujfeherto.adventista.hu\/wp-content\/uploads\/2014\/08\/Kereszts\u00e9g03.jpg'><img loading=\"lazy\" decoding=\"async\" width=\"150\" height=\"150\" src=\"https:\/\/ujfeherto.adventista.hu\/wp-content\/uploads\/2014\/08\/Kereszts\u00e9g03-150x150.jpg\" class=\"attachment-thumbnail size-thumbnail\" alt=\"\" \/><\/a>\n\t\t\t<\/dt><\/dl><br style=\"clear: both\" \/><dl class='gallery-item'>\n\t\t\t<dt class='gallery-icon landscape'>\n\t\t\t\t<a href='https:\/\/ujfeherto.adventista.hu\/wp-content\/uploads\/2014\/08\/Kereszts\u00e9g04.jpg'><img loading=\"lazy\" decoding=\"async\" width=\"150\" height=\"150\" src=\"https:\/\/ujfeherto.adventista.hu\/wp-content\/uploads\/2014\/08\/Kereszts\u00e9g04-150x150.jpg\" class=\"attachment-thumbnail size-thumbnail\" alt=\"\" \/><\/a>\n\t\t\t<\/dt><\/dl><dl class='gallery-item'>\n\t\t\t<dt class='gallery-icon landscape'>\n\t\t\t\t<a href='https:\/\/ujfeherto.adventista.hu\/wp-content\/uploads\/2014\/08\/Kereszts\u00e9g05.jpg'><img loading=\"lazy\" decoding=\"async\" width=\"150\" height=\"150\" src=\"https:\/\/ujfeherto.adventista.hu\/wp-content\/uploads\/2014\/08\/Kereszts\u00e9g05-150x150.jpg\" class=\"attachment-thumbnail size-thumbnail\" alt=\"\" \/><\/a>\n\t\t\t<\/dt><\/dl><dl class='gallery-item'>\n\t\t\t<dt class='gallery-icon landscape'>\n\t\t\t\t<a href='https:\/\/ujfeherto.adventista.hu\/wp-content\/uploads\/2014\/08\/Kereszts\u00e9g06.jpg'><img loading=\"lazy\" decoding=\"async\" width=\"150\" height=\"150\" src=\"https:\/\/ujfeherto.adventista.hu\/wp-content\/uploads\/2014\/08\/Kereszts\u00e9g06-150x150.jpg\" class=\"attachment-thumbnail size-thumbnail\" alt=\"\" \/><\/a>\n\t\t\t<\/dt><\/dl><br style=\"clear: both\" \/><dl class='gallery-item'>\n\t\t\t<dt class='gallery-icon landscape'>\n\t\t\t\t<a href='https:\/\/ujfeherto.adventista.hu\/wp-content\/uploads\/2014\/08\/Kereszts\u00e9g07.jpg'><img loading=\"lazy\" decoding=\"async\" width=\"150\" height=\"150\" src=\"https:\/\/ujfeherto.adventista.hu\/wp-content\/uploads\/2014\/08\/Kereszts\u00e9g07-150x150.jpg\" class=\"attachment-thumbnail size-thumbnail\" alt=\"\" \/><\/a>\n\t\t\t<\/dt><\/dl><dl class='gallery-item'>\n\t\t\t<dt class='gallery-icon landscape'>\n\t\t\t\t<a href='https:\/\/ujfeherto.adventista.hu\/wp-content\/uploads\/2014\/08\/Kereszts\u00e9g08.jpg'><img loading=\"lazy\" decoding=\"async\" width=\"150\" height=\"150\" src=\"https:\/\/ujfeherto.adventista.hu\/wp-content\/uploads\/2014\/08\/Kereszts\u00e9g08-150x150.jpg\" class=\"attachment-thumbnail size-thumbnail\" alt=\"\" \/><\/a>\n\t\t\t<\/dt><\/dl><dl class='gallery-item'>\n\t\t\t<dt class='gallery-icon landscape'>\n\t\t\t\t<a href='https:\/\/ujfeherto.adventista.hu\/wp-content\/uploads\/2014\/08\/Kereszts\u00e9g09.jpg'><img loading=\"lazy\" decoding=\"async\" width=\"150\" height=\"150\" src=\"https:\/\/ujfeherto.adventista.hu\/wp-content\/uploads\/2014\/08\/Kereszts\u00e9g09-150x150.jpg\" class=\"attachment-thumbnail size-thumbnail\" alt=\"\" \/><\/a>\n\t\t\t<\/dt><\/dl><br style=\"clear: both\" \/><dl class='gallery-item'>\n\t\t\t<dt class='gallery-icon landscape'>\n\t\t\t\t<a href='https:\/\/ujfeherto.adventista.hu\/wp-content\/uploads\/2014\/08\/Kereszts\u00e9g10.jpg'><img loading=\"lazy\" decoding=\"async\" width=\"150\" height=\"150\" src=\"https:\/\/ujfeherto.adventista.hu\/wp-content\/uploads\/2014\/08\/Kereszts\u00e9g10-150x150.jpg\" class=\"attachment-thumbnail size-thumbnail\" alt=\"\" \/><\/a>\n\t\t\t<\/dt><\/dl><dl class='gallery-item'>\n\t\t\t<dt class='gallery-icon landscape'>\n\t\t\t\t<a href='https:\/\/ujfeherto.adventista.hu\/wp-content\/uploads\/2014\/08\/Kereszts\u00e9g11.jpg'><img loading=\"lazy\" decoding=\"async\" width=\"150\" height=\"150\" src=\"https:\/\/ujfeherto.adventista.hu\/wp-content\/uploads\/2014\/08\/Kereszts\u00e9g11-150x150.jpg\" class=\"attachment-thumbnail size-thumbnail\" alt=\"\" \/><\/a>\n\t\t\t<\/dt><\/dl><dl class='gallery-item'>\n\t\t\t<dt class='gallery-icon landscape'>\n\t\t\t\t<a href='https:\/\/ujfeherto.adventista.hu\/wp-content\/uploads\/2014\/08\/Kereszts\u00e9g12.jpg'><img loading=\"lazy\" decoding=\"async\" width=\"150\" height=\"150\" src=\"https:\/\/ujfeherto.adventista.hu\/wp-content\/uploads\/2014\/08\/Kereszts\u00e9g12-150x150.jpg\" class=\"attachment-thumbnail size-thumbnail\" alt=\"\" \/><\/a>\n\t\t\t<\/dt><\/dl><br style=\"clear: both\" \/>\n\t\t<\/div>\n\n","protected":false},"excerpt":{"rendered":"<p>Kereszts\u00e9gi istentiszteletre gy\u0171lt\u00fcnk \u00f6ssze \u00dajfeh\u00e9rt\u00f3n, 2014. augusztus 8-\u00e1n. Fekete Szandra (debreceni gy\u00fclekezet) k\u00f6t\u00f6tt sz\u00f6vets\u00e9get az \u00dar J\u00e9zus Krisztussal, v\u00e1gy\u00e1nak megfelel\u0151en egy fest\u0151i sz\u00e9ps\u00e9g\u0171 t\u00f3ban. A vend\u00e9gl\u00e1t\u00e1st k\u00f6vet\u0151en a kereszts\u00e9gi istentiszteletet, valamint a bemer\u00edt\u00e9st Szab\u00f3 J\u00e1nos lelk\u00e9sz v\u00e9gezte. Az es\u0151s, borong\u00f3s id\u0151 ellen\u00e9re nagyon sz\u00e9p sz\u00e1mban gy\u0171lt\u00fcnk \u00f6ssze, az istentisztelet idej\u00e9re pedig az id\u0151j\u00e1r\u00e1s is nek\u00fcnk &hellip; <\/p>\n<p><a class=\"more-link btn\" href=\"https:\/\/ujfeherto.adventista.hu\/?p=1614\">Olvass tov\u00e1bb<\/a><\/p>\n","protected":false},"author":4,"featured_media":1622,"comment_status":"closed","ping_status":"closed","sticky":false,"template":"","format":"standard","meta":{"footnotes":""},"categories":[14],"tags":[91,25,23],"class_list":["post-1614","post","type-post","status-publish","format-standard","has-post-thumbnail","hentry","category-galeria","tag-bemerites","tag-keresztseg","tag-ujfeherto","item-wrap"],"aioseo_notices":[],"_links":{"self":[{"href":"https:\/\/ujfeherto.adventista.hu\/index.php?rest_route=\/wp\/v2\/posts\/1614","targetHints":{"allow":["GET"]}}],"collection":[{"href":"https:\/\/ujfeherto.adventista.hu\/index.php?rest_route=\/wp\/v2\/posts"}],"about":[{"href":"https:\/\/ujfeherto.adventista.hu\/index.php?rest_route=\/wp\/v2\/types\/post"}],"author":[{"embeddable":true,"href":"https:\/\/ujfeherto.adventista.hu\/index.php?rest_route=\/wp\/v2\/users\/4"}],"replies":[{"embeddable":true,"href":"https:\/\/ujfeherto.adventista.hu\/index.php?rest_route=%2Fwp%2Fv2%2Fcomments&post=1614"}],"version-history":[{"count":7,"href":"https:\/\/ujfeherto.adventista.hu\/index.php?rest_route=\/wp\/v2\/posts\/1614\/revisions"}],"predecessor-version":[{"id":1895,"href":"https:\/\/ujfeherto.adventista.hu\/index.php?rest_route=\/wp\/v2\/posts\/1614\/revisions\/1895"}],"wp:featuredmedia":[{"embeddable":true,"href":"https:\/\/ujfeherto.adventista.hu\/index.php?rest_route=\/wp\/v2\/media\/1622"}],"wp:attachment":[{"href":"https:\/\/ujfeherto.adventista.hu\/index.php?rest_route=%2Fwp%2Fv2%2Fmedia&parent=1614"}],"wp:term":[{"taxonomy":"category","embeddable":true,"href":"https:\/\/ujfeherto.adventista.hu\/index.php?rest_route=%2Fwp%2Fv2%2Fcategories&post=1614"},{"taxonomy":"post_tag","embeddable":true,"href":"https:\/\/ujfeherto.adventista.hu\/index.php?rest_route=%2Fwp%2Fv2%2Ftags&post=1614"}],"curies":[{"name":"wp","href":"https:\/\/api.w.org\/{rel}","templated":true}]}}