{"id":1396,"date":"2013-11-21T23:28:52","date_gmt":"2013-11-21T22:28:52","guid":{"rendered":"http:\/\/adventista.hu\/ujfeherto\/?p=1396"},"modified":"2016-04-23T18:30:24","modified_gmt":"2016-04-23T16:30:24","slug":"adventi-sorozat","status":"publish","type":"post","link":"https:\/\/ujfeherto.adventista.hu\/?p=1396","title":{"rendered":"Adventi sorozat &#8211; Bibliai \u00e9letk\u00e9pek"},"content":{"rendered":"<p><font size=\"3\"><\/p>\n<p style=\"text-align: center;\"><span style=\"font-size: medium;\"><strong>ADVENTI SOROZAT<\/strong><\/span><br \/>\nBibliai \u00e9letk\u00e9pek<br \/>\n3 r\u00e9szes el\u0151ad\u00e1ssorozat<\/p>\n<p>&nbsp;<\/p>\n<p align=\"justify\">Az Advent az egyik legk\u00fcl\u00f6nlegesebb \u00fcnnep. Mindannyian \u00e9rezt\u00fck m\u00e1r a v\u00e1rakoz\u00e1s izgalmas, \u00f6r\u00f6mteli \u00e9rz\u00e9s\u00e9t kar\u00e1csony k\u00f6zeledt\u00e9vel. Ez az \u00fcnnep t\u00f6bbek k\u00f6z\u00f6tt a lelki, sz\u00edvbeli melegs\u00e9get, az aj\u00e1nd\u00e9koz\u00e1s \u00f6r\u00f6m\u00e9t, gyermekkorunk boldog pillanatait id\u00e9zi fel sz\u00e1munkra&#8230;<br \/>\nUgyanakkor ennek az \u00fcnnepnek a k\u00f6zels\u00e9g\u00e9ben feler\u0151s\u00f6dnek m\u00e9ly \u00e9s fontos \u00e9let\u00e9rz\u00e9seink, felsz\u00ednre hozva azokat a l\u00e9tk\u00e9rd\u00e9seinket, melyek jelen vannak eg\u00e9sz \u00e9vben, de ilyenkor szembes\u00fcl\u00fcnk tal\u00e1n legink\u00e1bb vel\u00fck. Szeretn\u00e9nk biztos\u00edtani h\u00e1rom olyan alkalmat p\u00e9ntek est\u00e9nk\u00e9nt, ahol lehet\u0151s\u00e9g\u00fcnk van gondolatainkat \u0151szint\u00e9n megosztani, \u00e9s bibliai szem\u00e9lyek \u00e9let\u00e9n kereszt\u00fcl v\u00e1laszt tal\u00e1lni ezekre a k\u00e9rd\u00e9seinkre.<\/p>\n<p>&nbsp;<\/p>\n<p style=\"text-align: center;\" align=\"justify\">\n<strong>Mit jelent az Advent azok sz\u00e1m\u00e1ra, &#8230;<\/strong>\n<\/p>\n<p>&nbsp;<\/p>\n<p style=\"text-align: center;\" align=\"justify\">\n2013. november 29. 17 \u00f3ra<br \/>\n<strong>&#8230; akik pozit\u00edvabb j\u00f6v\u0151k\u00e9pet szeretn\u00e9nek? (K\u00e9ts\u00e9gekt\u0151l a rem\u00e9ny fel\u00e9)<\/strong>\n<\/p>\n<p align=\"center\"><iframe loading=\"lazy\" width=\"560\" height=\"315\" src=\"\/\/www.youtube.com\/embed\/atERK5vKfv4\" frameborder=\"0\" allowfullscreen><\/iframe><\/p>\n<p style=\"text-align: center;\" align=\"justify\">\n2013. december 6. 17 \u00f3ra<br \/>\n<strong>&#8230; akik mag\u00e1nyosnak \u00e9rzik magukat ak\u00e1r a v\u00e1s\u00e1rl\u00f3k t\u00f6meg\u00e9ben is?<\/strong>\n<\/p>\n<p align=\"center\"><iframe loading=\"lazy\" width=\"560\" height=\"315\" src=\"\/\/www.youtube.com\/embed\/rspCB6MlnF4\" frameborder=\"0\" allowfullscreen><\/iframe><\/p>\n<p style=\"text-align: center;\" align=\"justify\">\n2013. december 13. 17 \u00f3ra<br \/>\n<strong>&#8230; akiknek ez az \u00e9v az \u00f6r\u00f6m\u00f6k mellett f\u00e1jdalmat is hozott, de szeretn\u00e9k az \u00fcnnep igazi l\u00e9nyeg\u00e9t megtapasztalni \u00e9s \u00e1t\u00e9lni?<\/strong>\n<\/p>\n<p align=\"center\"><iframe loading=\"lazy\" width=\"560\" height=\"315\" src=\"\/\/www.youtube.com\/embed\/16rd7_o3VZQ\" frameborder=\"0\" allowfullscreen><\/iframe><\/p>\n<p>&nbsp;<\/p>\n<p align=\"justify\">Az Adventi sorozat el\u0151ad\u00e1sainak hangfelv\u00e9telei &#8211; tov\u00e1bbi el\u0151ad\u00e1sainkkal egy\u00fctt &#8211; mp3 form\u00e1tumban is meghallgathat\u00f3k, illetve let\u00f6lthet\u0151k a k\u00f6vetkez\u0151 <span style=\"text-decoration: underline;\"><a href=\"http:\/\/ujfeherto.adventista.hu\/?p=1208\" target=\"_blank\">oldalon<\/a><\/span>.<\/p>\n<p align=\"justify\"><strong>Az id\u0151j\u00e1r\u00e1st\u00f3l f\u00fcgg\u0151en janu\u00e1r v\u00e9g\u00e9n &#8211; febru\u00e1r elej\u00e9n \u00fajabb el\u0151ad\u00e1sok v\u00e1rhat\u00f3k.<\/strong><\/p>\n<p align=\"justify\"><strong>\u00c9rdekl\u0151dni lehet: 06\/30 664-3128<\/strong><\/p>\n<p>&nbsp;<\/p>\n<p style=\"text-align: center;\"><a href=\"http:\/\/ujfeherto.adventista.hu\/wp-content\/uploads\/2013\/11\/adventiplakat.png\"><img loading=\"lazy\" decoding=\"async\" class=\"alignnone  wp-image-195\" title=\"Az el\u0151ad\u00e1ssorozat plak\u00e1tja\" src=\"http:\/\/ujfeherto.adventista.hu\/wp-content\/uploads\/2013\/11\/adventiplakat.png\" alt=\"\" width=\"660\" height=\"933\"><\/a><\/p>\n<p>&nbsp;<br \/>\n<\/font><\/p>\n","protected":false},"excerpt":{"rendered":"<p>ADVENTI SOROZAT Bibliai \u00e9letk\u00e9pek 3 r\u00e9szes el\u0151ad\u00e1ssorozat &nbsp; Az Advent az egyik legk\u00fcl\u00f6nlegesebb \u00fcnnep. Mindannyian \u00e9rezt\u00fck m\u00e1r a v\u00e1rakoz\u00e1s izgalmas, \u00f6r\u00f6mteli \u00e9rz\u00e9s\u00e9t kar\u00e1csony k\u00f6zeledt\u00e9vel. Ez az \u00fcnnep t\u00f6bbek k\u00f6z\u00f6tt a lelki, sz\u00edvbeli melegs\u00e9get, az aj\u00e1nd\u00e9koz\u00e1s \u00f6r\u00f6m\u00e9t, gyermekkorunk boldog pillanatait id\u00e9zi fel sz\u00e1munkra&#8230; Ugyanakkor ennek az \u00fcnnepnek a k\u00f6zels\u00e9g\u00e9ben feler\u0151s\u00f6dnek m\u00e9ly \u00e9s fontos \u00e9let\u00e9rz\u00e9seink, felsz\u00ednre hozva &hellip; <\/p>\n<p><a class=\"more-link btn\" href=\"https:\/\/ujfeherto.adventista.hu\/?p=1396\">Olvass tov\u00e1bb<\/a><\/p>\n","protected":false},"author":4,"featured_media":1351,"comment_status":"closed","ping_status":"closed","sticky":false,"template":"","format":"standard","meta":{"footnotes":""},"categories":[34],"tags":[74,75,76,77],"class_list":["post-1396","post","type-post","status-publish","format-standard","has-post-thumbnail","hentry","category-eloadasok","tag-advent","tag-biblia","tag-bibliai-eletkepek","tag-remeny","item-wrap"],"aioseo_notices":[],"_links":{"self":[{"href":"https:\/\/ujfeherto.adventista.hu\/index.php?rest_route=\/wp\/v2\/posts\/1396","targetHints":{"allow":["GET"]}}],"collection":[{"href":"https:\/\/ujfeherto.adventista.hu\/index.php?rest_route=\/wp\/v2\/posts"}],"about":[{"href":"https:\/\/ujfeherto.adventista.hu\/index.php?rest_route=\/wp\/v2\/types\/post"}],"author":[{"embeddable":true,"href":"https:\/\/ujfeherto.adventista.hu\/index.php?rest_route=\/wp\/v2\/users\/4"}],"replies":[{"embeddable":true,"href":"https:\/\/ujfeherto.adventista.hu\/index.php?rest_route=%2Fwp%2Fv2%2Fcomments&post=1396"}],"version-history":[{"count":36,"href":"https:\/\/ujfeherto.adventista.hu\/index.php?rest_route=\/wp\/v2\/posts\/1396\/revisions"}],"predecessor-version":[{"id":1901,"href":"https:\/\/ujfeherto.adventista.hu\/index.php?rest_route=\/wp\/v2\/posts\/1396\/revisions\/1901"}],"wp:featuredmedia":[{"embeddable":true,"href":"https:\/\/ujfeherto.adventista.hu\/index.php?rest_route=\/wp\/v2\/media\/1351"}],"wp:attachment":[{"href":"https:\/\/ujfeherto.adventista.hu\/index.php?rest_route=%2Fwp%2Fv2%2Fmedia&parent=1396"}],"wp:term":[{"taxonomy":"category","embeddable":true,"href":"https:\/\/ujfeherto.adventista.hu\/index.php?rest_route=%2Fwp%2Fv2%2Fcategories&post=1396"},{"taxonomy":"post_tag","embeddable":true,"href":"https:\/\/ujfeherto.adventista.hu\/index.php?rest_route=%2Fwp%2Fv2%2Ftags&post=1396"}],"curies":[{"name":"wp","href":"https:\/\/api.w.org\/{rel}","templated":true}]}}