{"id":1192,"date":"2013-10-12T17:05:38","date_gmt":"2013-10-12T15:05:38","guid":{"rendered":"http:\/\/adventista.hu\/ujfeherto\/?p=1192"},"modified":"2016-04-23T18:32:23","modified_gmt":"2016-04-23T16:32:23","slug":"gyulekezetunk-legidosebb-tagjanak-koszontese","status":"publish","type":"post","link":"https:\/\/ujfeherto.adventista.hu\/?p=1192","title":{"rendered":"Gy\u00fclekezet\u00fcnk legid\u0151sebb tagj\u00e1nak k\u00f6sz\u00f6nt\u00e9se"},"content":{"rendered":"<p>2013. okt\u00f3ber 5-\u00e9n \u00dajfeh\u00e9rt\u00f3 V\u00e1ros \u00d6nkorm\u00e1nyzata szervez\u00e9s\u00e9ben az 50. \u00e9s 60. h\u00e1zass\u00e1gi \u00e9vfordul\u00f3jukat \u00fcnnepl\u0151 h\u00e1zasp\u00e1rokat, valamint a v\u00e1ros legid\u0151sebb polg\u00e1rait k\u00f6sz\u00f6nt\u00f6tt\u00e9k. Gy\u00fclekezet\u00fcnkb\u0151l Bodn\u00e1r Istv\u00e1n testv\u00e9rt \u00e9s egyben a v\u00e1ros legid\u0151sebb f\u00e9rfi polg\u00e1r\u00e1t Nagy S\u00e1ndor polg\u00e1rmester \u00far, Dr. Budai Gyula orsz\u00e1ggy\u0171l\u00e9si k\u00e9pvisel\u0151 \u00far, valamint Pusk\u00e1s L\u00e1szl\u00f3 alpolg\u00e1rmester \u00far k\u00f6sz\u00f6nt\u00f6tte. Bodn\u00e1r Istv\u00e1n testv\u00e9r\u00fcnk imm\u00e1r m\u00e1sodik alkalommal r\u00e9szes\u00fclt a v\u00e1ros legid\u0151sebb polg\u00e1r\u00e1t megillet\u0151 k\u00f6sz\u00f6nt\u00e9sben. Isten \u00e9ltesse m\u00e9g sok\u00e1ig j\u00f3 er\u0151ben, eg\u00e9szs\u00e9gben!<\/p>\n<p style=\"text-align: center;\">\u00a0A gal\u00e9ria bet\u00f6lt\u00e9s\u00e9hez kattintson az al\u00e1bbi k\u00e9pek valamelyik\u00e9re!<\/p>\n\n\t\t<style type=\"text\/css\">\n\t\t\t#gallery-1 {\n\t\t\t\tmargin: auto;\n\t\t\t}\n\t\t\t#gallery-1 .gallery-item {\n\t\t\t\tfloat: left;\n\t\t\t\tmargin-top: 10px;\n\t\t\t\ttext-align: center;\n\t\t\t\twidth: 33%;\n\t\t\t}\n\t\t\t#gallery-1 img {\n\t\t\t\tborder: 2px solid #cfcfcf;\n\t\t\t}\n\t\t\t#gallery-1 .gallery-caption {\n\t\t\t\tmargin-left: 0;\n\t\t\t}\n\t\t\t\/* see gallery_shortcode() in wp-includes\/media.php *\/\n\t\t<\/style>\n\t\t<div id='gallery-1' class='gallery galleryid-1192 gallery-columns-3 gallery-size-thumbnail'><dl class='gallery-item'>\n\t\t\t<dt class='gallery-icon landscape'>\n\t\t\t\t<a href='https:\/\/ujfeherto.adventista.hu\/wp-content\/uploads\/2013\/10\/K\u00f6sz\u00f6nt\u00e9s01.jpg'><img loading=\"lazy\" decoding=\"async\" width=\"150\" height=\"150\" src=\"https:\/\/ujfeherto.adventista.hu\/wp-content\/uploads\/2013\/10\/K\u00f6sz\u00f6nt\u00e9s01-150x150.jpg\" class=\"attachment-thumbnail size-thumbnail\" alt=\"\" \/><\/a>\n\t\t\t<\/dt><\/dl><dl class='gallery-item'>\n\t\t\t<dt class='gallery-icon landscape'>\n\t\t\t\t<a href='https:\/\/ujfeherto.adventista.hu\/wp-content\/uploads\/2013\/10\/K\u00f6sz\u00f6nt\u00e9s02.jpg'><img loading=\"lazy\" decoding=\"async\" width=\"150\" height=\"150\" src=\"https:\/\/ujfeherto.adventista.hu\/wp-content\/uploads\/2013\/10\/K\u00f6sz\u00f6nt\u00e9s02-150x150.jpg\" class=\"attachment-thumbnail size-thumbnail\" alt=\"\" \/><\/a>\n\t\t\t<\/dt><\/dl><dl class='gallery-item'>\n\t\t\t<dt class='gallery-icon landscape'>\n\t\t\t\t<a href='https:\/\/ujfeherto.adventista.hu\/wp-content\/uploads\/2013\/10\/K\u00f6sz\u00f6nt\u00e9s03.jpg'><img loading=\"lazy\" decoding=\"async\" width=\"150\" height=\"150\" src=\"https:\/\/ujfeherto.adventista.hu\/wp-content\/uploads\/2013\/10\/K\u00f6sz\u00f6nt\u00e9s03-150x150.jpg\" class=\"attachment-thumbnail size-thumbnail\" alt=\"\" \/><\/a>\n\t\t\t<\/dt><\/dl><br style=\"clear: both\" \/><dl class='gallery-item'>\n\t\t\t<dt class='gallery-icon landscape'>\n\t\t\t\t<a href='https:\/\/ujfeherto.adventista.hu\/wp-content\/uploads\/2013\/10\/K\u00f6sz\u00f6nt\u00e9s04.jpg'><img loading=\"lazy\" decoding=\"async\" width=\"150\" height=\"150\" src=\"https:\/\/ujfeherto.adventista.hu\/wp-content\/uploads\/2013\/10\/K\u00f6sz\u00f6nt\u00e9s04-150x150.jpg\" class=\"attachment-thumbnail size-thumbnail\" alt=\"\" \/><\/a>\n\t\t\t<\/dt><\/dl><dl class='gallery-item'>\n\t\t\t<dt class='gallery-icon landscape'>\n\t\t\t\t<a href='https:\/\/ujfeherto.adventista.hu\/wp-content\/uploads\/2013\/10\/K\u00f6sz\u00f6nt\u00e9s05.jpg'><img loading=\"lazy\" decoding=\"async\" width=\"150\" height=\"150\" src=\"https:\/\/ujfeherto.adventista.hu\/wp-content\/uploads\/2013\/10\/K\u00f6sz\u00f6nt\u00e9s05-150x150.jpg\" class=\"attachment-thumbnail size-thumbnail\" alt=\"\" \/><\/a>\n\t\t\t<\/dt><\/dl><dl class='gallery-item'>\n\t\t\t<dt class='gallery-icon landscape'>\n\t\t\t\t<a href='https:\/\/ujfeherto.adventista.hu\/wp-content\/uploads\/2013\/10\/K\u00f6sz\u00f6nt\u00e9s06.jpg'><img loading=\"lazy\" decoding=\"async\" width=\"150\" height=\"150\" src=\"https:\/\/ujfeherto.adventista.hu\/wp-content\/uploads\/2013\/10\/K\u00f6sz\u00f6nt\u00e9s06-150x150.jpg\" class=\"attachment-thumbnail size-thumbnail\" alt=\"\" \/><\/a>\n\t\t\t<\/dt><\/dl><br style=\"clear: both\" \/><dl class='gallery-item'>\n\t\t\t<dt class='gallery-icon landscape'>\n\t\t\t\t<a href='https:\/\/ujfeherto.adventista.hu\/wp-content\/uploads\/2013\/10\/K\u00f6sz\u00f6nt\u00e9s07.jpg'><img loading=\"lazy\" decoding=\"async\" width=\"150\" height=\"150\" src=\"https:\/\/ujfeherto.adventista.hu\/wp-content\/uploads\/2013\/10\/K\u00f6sz\u00f6nt\u00e9s07-150x150.jpg\" class=\"attachment-thumbnail size-thumbnail\" alt=\"\" \/><\/a>\n\t\t\t<\/dt><\/dl><dl class='gallery-item'>\n\t\t\t<dt class='gallery-icon landscape'>\n\t\t\t\t<a href='https:\/\/ujfeherto.adventista.hu\/wp-content\/uploads\/2013\/10\/K\u00f6sz\u00f6nt\u00e9s08.jpg'><img loading=\"lazy\" decoding=\"async\" width=\"150\" height=\"150\" src=\"https:\/\/ujfeherto.adventista.hu\/wp-content\/uploads\/2013\/10\/K\u00f6sz\u00f6nt\u00e9s08-150x150.jpg\" class=\"attachment-thumbnail size-thumbnail\" alt=\"\" \/><\/a>\n\t\t\t<\/dt><\/dl><dl class='gallery-item'>\n\t\t\t<dt class='gallery-icon landscape'>\n\t\t\t\t<a href='https:\/\/ujfeherto.adventista.hu\/wp-content\/uploads\/2013\/10\/K\u00f6sz\u00f6nt\u00e9s09.jpg'><img loading=\"lazy\" decoding=\"async\" width=\"150\" height=\"150\" src=\"https:\/\/ujfeherto.adventista.hu\/wp-content\/uploads\/2013\/10\/K\u00f6sz\u00f6nt\u00e9s09-150x150.jpg\" class=\"attachment-thumbnail size-thumbnail\" alt=\"\" \/><\/a>\n\t\t\t<\/dt><\/dl><br style=\"clear: both\" \/>\n\t\t<\/div>\n\n","protected":false},"excerpt":{"rendered":"<p>2013. okt\u00f3ber 5-\u00e9n \u00dajfeh\u00e9rt\u00f3 V\u00e1ros \u00d6nkorm\u00e1nyzata szervez\u00e9s\u00e9ben az 50. \u00e9s 60. h\u00e1zass\u00e1gi \u00e9vfordul\u00f3jukat \u00fcnnepl\u0151 h\u00e1zasp\u00e1rokat, valamint a v\u00e1ros legid\u0151sebb polg\u00e1rait k\u00f6sz\u00f6nt\u00f6tt\u00e9k. Gy\u00fclekezet\u00fcnkb\u0151l Bodn\u00e1r Istv\u00e1n testv\u00e9rt \u00e9s egyben a v\u00e1ros legid\u0151sebb f\u00e9rfi polg\u00e1r\u00e1t Nagy S\u00e1ndor polg\u00e1rmester \u00far, Dr. Budai Gyula orsz\u00e1ggy\u0171l\u00e9si k\u00e9pvisel\u0151 \u00far, valamint Pusk\u00e1s L\u00e1szl\u00f3 alpolg\u00e1rmester \u00far k\u00f6sz\u00f6nt\u00f6tte. Bodn\u00e1r Istv\u00e1n testv\u00e9r\u00fcnk imm\u00e1r m\u00e1sodik alkalommal r\u00e9szes\u00fclt &hellip; <\/p>\n<p><a class=\"more-link btn\" href=\"https:\/\/ujfeherto.adventista.hu\/?p=1192\">Olvass tov\u00e1bb<\/a><\/p>\n","protected":false},"author":4,"featured_media":0,"comment_status":"closed","ping_status":"closed","sticky":false,"template":"","format":"standard","meta":{"footnotes":""},"categories":[14],"tags":[62,63,64],"class_list":["post-1192","post","type-post","status-publish","format-standard","hentry","category-galeria","tag-bodnar-istvan","tag-legidosebb-polgar","tag-legidosebb-testver","item-wrap"],"aioseo_notices":[],"_links":{"self":[{"href":"https:\/\/ujfeherto.adventista.hu\/index.php?rest_route=\/wp\/v2\/posts\/1192","targetHints":{"allow":["GET"]}}],"collection":[{"href":"https:\/\/ujfeherto.adventista.hu\/index.php?rest_route=\/wp\/v2\/posts"}],"about":[{"href":"https:\/\/ujfeherto.adventista.hu\/index.php?rest_route=\/wp\/v2\/types\/post"}],"author":[{"embeddable":true,"href":"https:\/\/ujfeherto.adventista.hu\/index.php?rest_route=\/wp\/v2\/users\/4"}],"replies":[{"embeddable":true,"href":"https:\/\/ujfeherto.adventista.hu\/index.php?rest_route=%2Fwp%2Fv2%2Fcomments&post=1192"}],"version-history":[{"count":6,"href":"https:\/\/ujfeherto.adventista.hu\/index.php?rest_route=\/wp\/v2\/posts\/1192\/revisions"}],"predecessor-version":[{"id":1904,"href":"https:\/\/ujfeherto.adventista.hu\/index.php?rest_route=\/wp\/v2\/posts\/1192\/revisions\/1904"}],"wp:attachment":[{"href":"https:\/\/ujfeherto.adventista.hu\/index.php?rest_route=%2Fwp%2Fv2%2Fmedia&parent=1192"}],"wp:term":[{"taxonomy":"category","embeddable":true,"href":"https:\/\/ujfeherto.adventista.hu\/index.php?rest_route=%2Fwp%2Fv2%2Fcategories&post=1192"},{"taxonomy":"post_tag","embeddable":true,"href":"https:\/\/ujfeherto.adventista.hu\/index.php?rest_route=%2Fwp%2Fv2%2Ftags&post=1192"}],"curies":[{"name":"wp","href":"https:\/\/api.w.org\/{rel}","templated":true}]}}